{"id":38371,"date":"2026-09-04T10:11:06","date_gmt":"2026-09-04T13:11:06","guid":{"rendered":"https:\/\/www.gazetaitauna.com.br\/site\/?p=38371"},"modified":"2026-09-04T10:11:08","modified_gmt":"2026-09-04T13:11:08","slug":"video-neider-grava-video-para-anunciar-que-nao-e-mais-candidato-e-fala-em-projeto-para-prefeito","status":"publish","type":"post","link":"https:\/\/www.gazetaitauna.com.br\/site\/video-neider-grava-video-para-anunciar-que-nao-e-mais-candidato-e-fala-em-projeto-para-prefeito\/","title":{"rendered":"V\u00eddeo: Neider grava v\u00eddeo para anunciar que n\u00e3o \u00e9 mais candidato e fala em projeto para prefeito"},"content":{"rendered":"\n<p class=\"wp-block-paragraph\">O ex-deputado estadual, ex-prefeito de Ita\u00fana e agora ex-candidato a deputado federal, Neider Moreira divulgou v\u00eddeo nas suas redes sociais onde anuncia a retirada da sua candidatura nas elei\u00e7\u00f5es deste ano.<\/p>\n\n\n\n<p class=\"wp-block-paragraph\">Como esclarece no v\u00eddeo e divulgado pela GAZETA DE ITA\u00daNA, a impugna\u00e7\u00e3o da sua candidatura foi confirmada esta semana. Neider diz que esta decis\u00e3o \u00e9 \u201cilegal e arbitr\u00e1ria\u201d e que est\u00e1 sendo contestada em inst\u00e2ncias superiores.<\/p>\n\n\n\n<p class=\"wp-block-paragraph\">Ainda segundo ele, a decis\u00e3o gera desconfian\u00e7a no eleitor: \u201co eleitor comum, o cidad\u00e3o comum, ele n\u00e3o entende de termos jur\u00eddicos, n\u00e3o entende de decis\u00f5es jur\u00eddicas, ele fica com uma desconfian\u00e7a em rela\u00e7\u00e3o \u00e0 candidatura\u201d.<\/p>\n\n\n\n<p class=\"wp-block-paragraph\">Neider disse que d\u00e1 um passo atr\u00e1s depois desta decis\u00e3o, para comprovar a sua inoc\u00eancia na a\u00e7\u00e3o. A a\u00e7\u00e3o a que se refere foi a que levou a sua condena\u00e7\u00e3o pelo crime de \u201crachadinha\u201d a mais de 5 anos de pris\u00e3o e inelegibilidade de 8 anos.<\/p>\n\n\n\n<p class=\"wp-block-paragraph\">Segundo o ex-candidato, depois de comprovada sua inoc\u00eancia ele iniciar\u00e1 um novo projeto de \u201cresgatar administrativamente a cidade de Ita\u00fana\u201d, quando se candidatar\u00e1 a prefeito em 2028 a prefeito novamente.<\/p>\n\n\n\n<figure class=\"wp-block-video\"><video height=\"1440\" style=\"aspect-ratio: 1080 \/ 1440;\" width=\"1080\" controls src=\"https:\/\/www.gazetaitauna.com.br\/site\/wp-content\/uploads\/2026\/09\/POSTAGEM-INSTAGRAM-GAZETA-3-1.mp4\"><\/video><figcaption class=\"wp-element-caption\">Redes sociais de Neider Moreira<\/figcaption><\/figure>\n","protected":false},"excerpt":{"rendered":"<p>O ex-deputado estadual, ex-prefeito de Ita\u00fana e agora ex-candidato a deputado federal, Neider Moreira divulgou<\/p>\n","protected":false},"author":2,"featured_media":38328,"comment_status":"open","ping_status":"open","sticky":false,"template":"","format":"standard","meta":{"_jetpack_newsletter_access":"","_jetpack_dont_email_post_to_subs":false,"_jetpack_newsletter_tier_id":0,"_jetpack_memberships_contains_paywalled_content":false,"_jetpack_feature_clip_id":0,"_jetpack_memberships_contains_paid_content":false,"footnotes":"","jetpack_post_was_ever_published":false},"categories":[295],"tags":[826,3136],"class_list":["post-38371","post","type-post","status-publish","format-standard","has-post-thumbnail","hentry","category-itauna","tag-gazeta-itauna-2","tag-itauna-mg-2"],"yoast_head":"<!-- This site is optimized with the Yoast SEO plugin v28.1 - https:\/\/yoast.com\/product\/yoast-seo-wordpress\/ -->\n<title>V\u00eddeo: Neider grava v\u00eddeo para anunciar que n\u00e3o \u00e9 mais candidato e fala em projeto para prefeito - Gazeta Ita\u00fana<\/title>\n<meta name=\"robots\" content=\"index, follow, max-snippet:-1, max-image-preview:large, max-video-preview:-1\" \/>\n<link rel=\"canonical\" href=\"https:\/\/www.gazetaitauna.com.br\/site\/video-neider-grava-video-para-anunciar-que-nao-e-mais-candidato-e-fala-em-projeto-para-prefeito\/\" \/>\n<meta property=\"og:locale\" content=\"pt_BR\" \/>\n<meta property=\"og:type\" content=\"article\" \/>\n<meta property=\"og:title\" content=\"V\u00eddeo: Neider grava v\u00eddeo para anunciar que n\u00e3o \u00e9 mais candidato e fala em projeto para prefeito - Gazeta Ita\u00fana\" \/>\n<meta property=\"og:description\" content=\"O ex-deputado estadual, ex-prefeito de Ita\u00fana e agora ex-candidato a deputado federal, Neider Moreira divulgou\" \/>\n<meta property=\"og:url\" content=\"https:\/\/www.gazetaitauna.com.br\/site\/video-neider-grava-video-para-anunciar-que-nao-e-mais-candidato-e-fala-em-projeto-para-prefeito\/\" \/>\n<meta property=\"og:site_name\" content=\"Gazeta Ita\u00fana\" \/>\n<meta property=\"article:publisher\" content=\"https:\/\/www.facebook.com\/gazetadeitauna\" \/>\n<meta property=\"article:published_time\" content=\"2026-09-04T13:11:06+00:00\" \/>\n<meta property=\"article:modified_time\" content=\"2026-09-04T13:11:08+00:00\" \/>\n<meta property=\"og:image\" content=\"https:\/\/www.gazetaitauna.com.br\/site\/wp-content\/uploads\/2026\/08\/image-17-e1787836294893.png\" \/>\n\t<meta property=\"og:image:width\" content=\"585\" \/>\n\t<meta property=\"og:image:height\" content=\"460\" \/>\n\t<meta property=\"og:image:type\" content=\"image\/png\" \/>\n<meta name=\"author\" content=\"Reda\u00e7\u00e3o\" \/>\n<meta name=\"twitter:card\" content=\"summary_large_image\" \/>\n<meta name=\"twitter:label1\" content=\"Escrito por\" \/>\n\t<meta name=\"twitter:data1\" content=\"Reda\u00e7\u00e3o\" \/>\n\t<meta name=\"twitter:label2\" content=\"Est. tempo de leitura\" \/>\n\t<meta name=\"twitter:data2\" content=\"2 minutos\" \/>\n<script type=\"application\/ld+json\" class=\"yoast-schema-graph\">{\"@context\":\"https:\\\/\\\/schema.org\",\"@graph\":[{\"@type\":\"Article\",\"@id\":\"https:\\\/\\\/www.gazetaitauna.com.br\\\/site\\\/video-neider-grava-video-para-anunciar-que-nao-e-mais-candidato-e-fala-em-projeto-para-prefeito\\\/#article\",\"isPartOf\":{\"@id\":\"https:\\\/\\\/www.gazetaitauna.com.br\\\/site\\\/video-neider-grava-video-para-anunciar-que-nao-e-mais-candidato-e-fala-em-projeto-para-prefeito\\\/\"},\"author\":{\"name\":\"Reda\u00e7\u00e3o\",\"@id\":\"https:\\\/\\\/www.gazetaitauna.com.br\\\/site\\\/#\\\/schema\\\/person\\\/83fac651809e5dec9550ff5ced432d71\"},\"headline\":\"V\u00eddeo: Neider grava v\u00eddeo para anunciar que n\u00e3o \u00e9 mais candidato e fala em projeto para prefeito\",\"datePublished\":\"2026-09-04T13:11:06+00:00\",\"dateModified\":\"2026-09-04T13:11:08+00:00\",\"mainEntityOfPage\":{\"@id\":\"https:\\\/\\\/www.gazetaitauna.com.br\\\/site\\\/video-neider-grava-video-para-anunciar-que-nao-e-mais-candidato-e-fala-em-projeto-para-prefeito\\\/\"},\"wordCount\":225,\"commentCount\":0,\"publisher\":{\"@id\":\"https:\\\/\\\/www.gazetaitauna.com.br\\\/site\\\/#organization\"},\"image\":{\"@id\":\"https:\\\/\\\/www.gazetaitauna.com.br\\\/site\\\/video-neider-grava-video-para-anunciar-que-nao-e-mais-candidato-e-fala-em-projeto-para-prefeito\\\/#primaryimage\"},\"thumbnailUrl\":\"https:\\\/\\\/www.gazetaitauna.com.br\\\/site\\\/wp-content\\\/uploads\\\/2026\\\/08\\\/image-17-e1787836294893.png\",\"keywords\":[\"Gazeta Ita\u00fana\",\"Ita\u00fana\\\/MG\"],\"articleSection\":[\"Ita\u00fana\"],\"inLanguage\":\"pt-BR\",\"potentialAction\":[{\"@type\":\"CommentAction\",\"name\":\"Comment\",\"target\":[\"https:\\\/\\\/www.gazetaitauna.com.br\\\/site\\\/video-neider-grava-video-para-anunciar-que-nao-e-mais-candidato-e-fala-em-projeto-para-prefeito\\\/#respond\"]}]},{\"@type\":\"WebPage\",\"@id\":\"https:\\\/\\\/www.gazetaitauna.com.br\\\/site\\\/video-neider-grava-video-para-anunciar-que-nao-e-mais-candidato-e-fala-em-projeto-para-prefeito\\\/\",\"url\":\"https:\\\/\\\/www.gazetaitauna.com.br\\\/site\\\/video-neider-grava-video-para-anunciar-que-nao-e-mais-candidato-e-fala-em-projeto-para-prefeito\\\/\",\"name\":\"V\u00eddeo: Neider grava v\u00eddeo para anunciar que n\u00e3o \u00e9 mais candidato e fala em projeto para prefeito - Gazeta Ita\u00fana\",\"isPartOf\":{\"@id\":\"https:\\\/\\\/www.gazetaitauna.com.br\\\/site\\\/#website\"},\"primaryImageOfPage\":{\"@id\":\"https:\\\/\\\/www.gazetaitauna.com.br\\\/site\\\/video-neider-grava-video-para-anunciar-que-nao-e-mais-candidato-e-fala-em-projeto-para-prefeito\\\/#primaryimage\"},\"image\":{\"@id\":\"https:\\\/\\\/www.gazetaitauna.com.br\\\/site\\\/video-neider-grava-video-para-anunciar-que-nao-e-mais-candidato-e-fala-em-projeto-para-prefeito\\\/#primaryimage\"},\"thumbnailUrl\":\"https:\\\/\\\/www.gazetaitauna.com.br\\\/site\\\/wp-content\\\/uploads\\\/2026\\\/08\\\/image-17-e1787836294893.png\",\"datePublished\":\"2026-09-04T13:11:06+00:00\",\"dateModified\":\"2026-09-04T13:11:08+00:00\",\"breadcrumb\":{\"@id\":\"https:\\\/\\\/www.gazetaitauna.com.br\\\/site\\\/video-neider-grava-video-para-anunciar-que-nao-e-mais-candidato-e-fala-em-projeto-para-prefeito\\\/#breadcrumb\"},\"inLanguage\":\"pt-BR\",\"potentialAction\":[{\"@type\":\"ReadAction\",\"target\":[\"https:\\\/\\\/www.gazetaitauna.com.br\\\/site\\\/video-neider-grava-video-para-anunciar-que-nao-e-mais-candidato-e-fala-em-projeto-para-prefeito\\\/\"]}]},{\"@type\":\"ImageObject\",\"inLanguage\":\"pt-BR\",\"@id\":\"https:\\\/\\\/www.gazetaitauna.com.br\\\/site\\\/video-neider-grava-video-para-anunciar-que-nao-e-mais-candidato-e-fala-em-projeto-para-prefeito\\\/#primaryimage\",\"url\":\"https:\\\/\\\/www.gazetaitauna.com.br\\\/site\\\/wp-content\\\/uploads\\\/2026\\\/08\\\/image-17-e1787836294893.png\",\"contentUrl\":\"https:\\\/\\\/www.gazetaitauna.com.br\\\/site\\\/wp-content\\\/uploads\\\/2026\\\/08\\\/image-17-e1787836294893.png\",\"width\":585,\"height\":460},{\"@type\":\"BreadcrumbList\",\"@id\":\"https:\\\/\\\/www.gazetaitauna.com.br\\\/site\\\/video-neider-grava-video-para-anunciar-que-nao-e-mais-candidato-e-fala-em-projeto-para-prefeito\\\/#breadcrumb\",\"itemListElement\":[{\"@type\":\"ListItem\",\"position\":1,\"name\":\"In\u00edcio\",\"item\":\"https:\\\/\\\/www.gazetaitauna.com.br\\\/site\\\/\"},{\"@type\":\"ListItem\",\"position\":2,\"name\":\"V\u00eddeo: Neider grava v\u00eddeo para anunciar que n\u00e3o \u00e9 mais candidato e fala em projeto para prefeito\"}]},{\"@type\":\"WebSite\",\"@id\":\"https:\\\/\\\/www.gazetaitauna.com.br\\\/site\\\/#website\",\"url\":\"https:\\\/\\\/www.gazetaitauna.com.br\\\/site\\\/\",\"name\":\"Gazeta de Ita\u00fana\",\"description\":\"Jornal Ita\u00fana MG\",\"publisher\":{\"@id\":\"https:\\\/\\\/www.gazetaitauna.com.br\\\/site\\\/#organization\"},\"potentialAction\":[{\"@type\":\"SearchAction\",\"target\":{\"@type\":\"EntryPoint\",\"urlTemplate\":\"https:\\\/\\\/www.gazetaitauna.com.br\\\/site\\\/?s={search_term_string}\"},\"query-input\":{\"@type\":\"PropertyValueSpecification\",\"valueRequired\":true,\"valueName\":\"search_term_string\"}}],\"inLanguage\":\"pt-BR\"},{\"@type\":\"Organization\",\"@id\":\"https:\\\/\\\/www.gazetaitauna.com.br\\\/site\\\/#organization\",\"name\":\"Gazeta de Ita\u00fana\",\"url\":\"https:\\\/\\\/www.gazetaitauna.com.br\\\/site\\\/\",\"logo\":{\"@type\":\"ImageObject\",\"inLanguage\":\"pt-BR\",\"@id\":\"https:\\\/\\\/www.gazetaitauna.com.br\\\/site\\\/#\\\/schema\\\/logo\\\/image\\\/\",\"url\":\"https:\\\/\\\/www.gazetaitauna.com.br\\\/site\\\/wp-content\\\/uploads\\\/2020\\\/07\\\/gazeta-icone.png\",\"contentUrl\":\"https:\\\/\\\/www.gazetaitauna.com.br\\\/site\\\/wp-content\\\/uploads\\\/2020\\\/07\\\/gazeta-icone.png\",\"width\":592,\"height\":420,\"caption\":\"Gazeta de Ita\u00fana\"},\"image\":{\"@id\":\"https:\\\/\\\/www.gazetaitauna.com.br\\\/site\\\/#\\\/schema\\\/logo\\\/image\\\/\"},\"sameAs\":[\"https:\\\/\\\/www.facebook.com\\\/gazetadeitauna\",\"https:\\\/\\\/www.instagram.com\\\/gazetadeitauna\"]},{\"@type\":\"Person\",\"@id\":\"https:\\\/\\\/www.gazetaitauna.com.br\\\/site\\\/#\\\/schema\\\/person\\\/83fac651809e5dec9550ff5ced432d71\",\"name\":\"Reda\u00e7\u00e3o\",\"image\":{\"@type\":\"ImageObject\",\"inLanguage\":\"pt-BR\",\"@id\":\"https:\\\/\\\/www.gazetaitauna.com.br\\\/site\\\/wp-content\\\/uploads\\\/2020\\\/07\\\/reda\u00e7\u00e3o-1-150x150.png\",\"url\":\"https:\\\/\\\/www.gazetaitauna.com.br\\\/site\\\/wp-content\\\/uploads\\\/2020\\\/07\\\/reda\u00e7\u00e3o-1-150x150.png\",\"contentUrl\":\"https:\\\/\\\/www.gazetaitauna.com.br\\\/site\\\/wp-content\\\/uploads\\\/2020\\\/07\\\/reda\u00e7\u00e3o-1-150x150.png\",\"caption\":\"Reda\u00e7\u00e3o\"},\"url\":\"https:\\\/\\\/www.gazetaitauna.com.br\\\/site\\\/author\\\/redacao\\\/\"}]}<\/script>\n<!-- \/ Yoast SEO plugin. -->","yoast_head_json":{"title":"V\u00eddeo: Neider grava v\u00eddeo para anunciar que n\u00e3o \u00e9 mais candidato e fala em projeto para prefeito - Gazeta Ita\u00fana","robots":{"index":"index","follow":"follow","max-snippet":"max-snippet:-1","max-image-preview":"max-image-preview:large","max-video-preview":"max-video-preview:-1"},"canonical":"https:\/\/www.gazetaitauna.com.br\/site\/video-neider-grava-video-para-anunciar-que-nao-e-mais-candidato-e-fala-em-projeto-para-prefeito\/","og_locale":"pt_BR","og_type":"article","og_title":"V\u00eddeo: Neider grava v\u00eddeo para anunciar que n\u00e3o \u00e9 mais candidato e fala em projeto para prefeito - Gazeta Ita\u00fana","og_description":"O ex-deputado estadual, ex-prefeito de Ita\u00fana e agora ex-candidato a deputado federal, Neider Moreira divulgou","og_url":"https:\/\/www.gazetaitauna.com.br\/site\/video-neider-grava-video-para-anunciar-que-nao-e-mais-candidato-e-fala-em-projeto-para-prefeito\/","og_site_name":"Gazeta Ita\u00fana","article_publisher":"https:\/\/www.facebook.com\/gazetadeitauna","article_published_time":"2026-09-04T13:11:06+00:00","article_modified_time":"2026-09-04T13:11:08+00:00","og_image":[{"width":585,"height":460,"url":"https:\/\/www.gazetaitauna.com.br\/site\/wp-content\/uploads\/2026\/08\/image-17-e1787836294893.png","type":"image\/png"}],"author":"Reda\u00e7\u00e3o","twitter_card":"summary_large_image","twitter_misc":{"Escrito por":"Reda\u00e7\u00e3o","Est. tempo de leitura":"2 minutos"},"schema":{"@context":"https:\/\/schema.org","@graph":[{"@type":"Article","@id":"https:\/\/www.gazetaitauna.com.br\/site\/video-neider-grava-video-para-anunciar-que-nao-e-mais-candidato-e-fala-em-projeto-para-prefeito\/#article","isPartOf":{"@id":"https:\/\/www.gazetaitauna.com.br\/site\/video-neider-grava-video-para-anunciar-que-nao-e-mais-candidato-e-fala-em-projeto-para-prefeito\/"},"author":{"name":"Reda\u00e7\u00e3o","@id":"https:\/\/www.gazetaitauna.com.br\/site\/#\/schema\/person\/83fac651809e5dec9550ff5ced432d71"},"headline":"V\u00eddeo: Neider grava v\u00eddeo para anunciar que n\u00e3o \u00e9 mais candidato e fala em projeto para prefeito","datePublished":"2026-09-04T13:11:06+00:00","dateModified":"2026-09-04T13:11:08+00:00","mainEntityOfPage":{"@id":"https:\/\/www.gazetaitauna.com.br\/site\/video-neider-grava-video-para-anunciar-que-nao-e-mais-candidato-e-fala-em-projeto-para-prefeito\/"},"wordCount":225,"commentCount":0,"publisher":{"@id":"https:\/\/www.gazetaitauna.com.br\/site\/#organization"},"image":{"@id":"https:\/\/www.gazetaitauna.com.br\/site\/video-neider-grava-video-para-anunciar-que-nao-e-mais-candidato-e-fala-em-projeto-para-prefeito\/#primaryimage"},"thumbnailUrl":"https:\/\/www.gazetaitauna.com.br\/site\/wp-content\/uploads\/2026\/08\/image-17-e1787836294893.png","keywords":["Gazeta Ita\u00fana","Ita\u00fana\/MG"],"articleSection":["Ita\u00fana"],"inLanguage":"pt-BR","potentialAction":[{"@type":"CommentAction","name":"Comment","target":["https:\/\/www.gazetaitauna.com.br\/site\/video-neider-grava-video-para-anunciar-que-nao-e-mais-candidato-e-fala-em-projeto-para-prefeito\/#respond"]}]},{"@type":"WebPage","@id":"https:\/\/www.gazetaitauna.com.br\/site\/video-neider-grava-video-para-anunciar-que-nao-e-mais-candidato-e-fala-em-projeto-para-prefeito\/","url":"https:\/\/www.gazetaitauna.com.br\/site\/video-neider-grava-video-para-anunciar-que-nao-e-mais-candidato-e-fala-em-projeto-para-prefeito\/","name":"V\u00eddeo: Neider grava v\u00eddeo para anunciar que n\u00e3o \u00e9 mais candidato e fala em projeto para prefeito - Gazeta Ita\u00fana","isPartOf":{"@id":"https:\/\/www.gazetaitauna.com.br\/site\/#website"},"primaryImageOfPage":{"@id":"https:\/\/www.gazetaitauna.com.br\/site\/video-neider-grava-video-para-anunciar-que-nao-e-mais-candidato-e-fala-em-projeto-para-prefeito\/#primaryimage"},"image":{"@id":"https:\/\/www.gazetaitauna.com.br\/site\/video-neider-grava-video-para-anunciar-que-nao-e-mais-candidato-e-fala-em-projeto-para-prefeito\/#primaryimage"},"thumbnailUrl":"https:\/\/www.gazetaitauna.com.br\/site\/wp-content\/uploads\/2026\/08\/image-17-e1787836294893.png","datePublished":"2026-09-04T13:11:06+00:00","dateModified":"2026-09-04T13:11:08+00:00","breadcrumb":{"@id":"https:\/\/www.gazetaitauna.com.br\/site\/video-neider-grava-video-para-anunciar-que-nao-e-mais-candidato-e-fala-em-projeto-para-prefeito\/#breadcrumb"},"inLanguage":"pt-BR","potentialAction":[{"@type":"ReadAction","target":["https:\/\/www.gazetaitauna.com.br\/site\/video-neider-grava-video-para-anunciar-que-nao-e-mais-candidato-e-fala-em-projeto-para-prefeito\/"]}]},{"@type":"ImageObject","inLanguage":"pt-BR","@id":"https:\/\/www.gazetaitauna.com.br\/site\/video-neider-grava-video-para-anunciar-que-nao-e-mais-candidato-e-fala-em-projeto-para-prefeito\/#primaryimage","url":"https:\/\/www.gazetaitauna.com.br\/site\/wp-content\/uploads\/2026\/08\/image-17-e1787836294893.png","contentUrl":"https:\/\/www.gazetaitauna.com.br\/site\/wp-content\/uploads\/2026\/08\/image-17-e1787836294893.png","width":585,"height":460},{"@type":"BreadcrumbList","@id":"https:\/\/www.gazetaitauna.com.br\/site\/video-neider-grava-video-para-anunciar-que-nao-e-mais-candidato-e-fala-em-projeto-para-prefeito\/#breadcrumb","itemListElement":[{"@type":"ListItem","position":1,"name":"In\u00edcio","item":"https:\/\/www.gazetaitauna.com.br\/site\/"},{"@type":"ListItem","position":2,"name":"V\u00eddeo: Neider grava v\u00eddeo para anunciar que n\u00e3o \u00e9 mais candidato e fala em projeto para prefeito"}]},{"@type":"WebSite","@id":"https:\/\/www.gazetaitauna.com.br\/site\/#website","url":"https:\/\/www.gazetaitauna.com.br\/site\/","name":"Gazeta de Ita\u00fana","description":"Jornal Ita\u00fana MG","publisher":{"@id":"https:\/\/www.gazetaitauna.com.br\/site\/#organization"},"potentialAction":[{"@type":"SearchAction","target":{"@type":"EntryPoint","urlTemplate":"https:\/\/www.gazetaitauna.com.br\/site\/?s={search_term_string}"},"query-input":{"@type":"PropertyValueSpecification","valueRequired":true,"valueName":"search_term_string"}}],"inLanguage":"pt-BR"},{"@type":"Organization","@id":"https:\/\/www.gazetaitauna.com.br\/site\/#organization","name":"Gazeta de Ita\u00fana","url":"https:\/\/www.gazetaitauna.com.br\/site\/","logo":{"@type":"ImageObject","inLanguage":"pt-BR","@id":"https:\/\/www.gazetaitauna.com.br\/site\/#\/schema\/logo\/image\/","url":"https:\/\/www.gazetaitauna.com.br\/site\/wp-content\/uploads\/2020\/07\/gazeta-icone.png","contentUrl":"https:\/\/www.gazetaitauna.com.br\/site\/wp-content\/uploads\/2020\/07\/gazeta-icone.png","width":592,"height":420,"caption":"Gazeta de Ita\u00fana"},"image":{"@id":"https:\/\/www.gazetaitauna.com.br\/site\/#\/schema\/logo\/image\/"},"sameAs":["https:\/\/www.facebook.com\/gazetadeitauna","https:\/\/www.instagram.com\/gazetadeitauna"]},{"@type":"Person","@id":"https:\/\/www.gazetaitauna.com.br\/site\/#\/schema\/person\/83fac651809e5dec9550ff5ced432d71","name":"Reda\u00e7\u00e3o","image":{"@type":"ImageObject","inLanguage":"pt-BR","@id":"https:\/\/www.gazetaitauna.com.br\/site\/wp-content\/uploads\/2020\/07\/reda\u00e7\u00e3o-1-150x150.png","url":"https:\/\/www.gazetaitauna.com.br\/site\/wp-content\/uploads\/2020\/07\/reda\u00e7\u00e3o-1-150x150.png","contentUrl":"https:\/\/www.gazetaitauna.com.br\/site\/wp-content\/uploads\/2020\/07\/reda\u00e7\u00e3o-1-150x150.png","caption":"Reda\u00e7\u00e3o"},"url":"https:\/\/www.gazetaitauna.com.br\/site\/author\/redacao\/"}]}},"jetpack_featured_media_url":"https:\/\/www.gazetaitauna.com.br\/site\/wp-content\/uploads\/2026\/08\/image-17-e1787836294893.png","jetpack_sharing_enabled":true,"_links":{"self":[{"href":"https:\/\/www.gazetaitauna.com.br\/site\/wp-json\/wp\/v2\/posts\/38371","targetHints":{"allow":["GET"]}}],"collection":[{"href":"https:\/\/www.gazetaitauna.com.br\/site\/wp-json\/wp\/v2\/posts"}],"about":[{"href":"https:\/\/www.gazetaitauna.com.br\/site\/wp-json\/wp\/v2\/types\/post"}],"author":[{"embeddable":true,"href":"https:\/\/www.gazetaitauna.com.br\/site\/wp-json\/wp\/v2\/users\/2"}],"replies":[{"embeddable":true,"href":"https:\/\/www.gazetaitauna.com.br\/site\/wp-json\/wp\/v2\/comments?post=38371"}],"version-history":[{"count":1,"href":"https:\/\/www.gazetaitauna.com.br\/site\/wp-json\/wp\/v2\/posts\/38371\/revisions"}],"predecessor-version":[{"id":38373,"href":"https:\/\/www.gazetaitauna.com.br\/site\/wp-json\/wp\/v2\/posts\/38371\/revisions\/38373"}],"wp:featuredmedia":[{"embeddable":true,"href":"https:\/\/www.gazetaitauna.com.br\/site\/wp-json\/wp\/v2\/media\/38328"}],"wp:attachment":[{"href":"https:\/\/www.gazetaitauna.com.br\/site\/wp-json\/wp\/v2\/media?parent=38371"}],"wp:term":[{"taxonomy":"category","embeddable":true,"href":"https:\/\/www.gazetaitauna.com.br\/site\/wp-json\/wp\/v2\/categories?post=38371"},{"taxonomy":"post_tag","embeddable":true,"href":"https:\/\/www.gazetaitauna.com.br\/site\/wp-json\/wp\/v2\/tags?post=38371"}],"curies":[{"name":"wp","href":"https:\/\/api.w.org\/{rel}","templated":true}]}}