{"id":38355,"date":"2026-09-01T09:42:05","date_gmt":"2026-09-01T12:42:05","guid":{"rendered":"https:\/\/www.gazetaitauna.com.br\/site\/?p=38355"},"modified":"2026-09-01T09:42:07","modified_gmt":"2026-09-01T12:42:07","slug":"comecam-nesta-terca-feira-1o-varios-atendimentos-oftalmologicos-para-pacientes-da-lista-de-espera","status":"publish","type":"post","link":"https:\/\/www.gazetaitauna.com.br\/site\/comecam-nesta-terca-feira-1o-varios-atendimentos-oftalmologicos-para-pacientes-da-lista-de-espera\/","title":{"rendered":"Come\u00e7am nesta ter\u00e7a-feira, 1\u00ba, v\u00e1rios atendimentos oftalmol\u00f3gicos para pacientes da lista de espera"},"content":{"rendered":"\n<p class=\"wp-block-paragraph\"><em>Fotos: in\u00edcio do atendimento na estacionamento do Espa\u00e7o Cultural na manh\u00e3 desta ter\u00e7a-feira, 1\u00ba &#8211; PMI<\/em><\/p>\n\n\n\n<h3 class=\"wp-block-heading\">Atendimentos incluem consultas, exames e procedimentos especializados<\/h3>\n\n\n\n<p class=\"wp-block-paragraph\">Nesta ter\u00e7a-feira, 1\u00ba, tem in\u00edcio uma nova etapa de a\u00e7\u00f5es voltadas \u00e0 sa\u00fade oftalmol\u00f3gica para todos os pacientes que aguardam na lista de espera por atendimentos oftalmol\u00f3gicos, ampliando o acesso a consultas, exames e procedimentos especializados.<\/p>\n\n\n\n<p class=\"wp-block-paragraph\">Uma das a\u00e7\u00f5es ser\u00e1 realizada por meio da Unidade M\u00f3vel de Oftalmologia, que estar\u00e1 no munic\u00edpio nos dias 1\u00ba, 2, 3, 4, 14, 15, 17, 18, 28, 29 e 30 de setembro, al\u00e9m de 1\u00ba e 2 de outubro.<\/p>\n\n\n\n<p class=\"wp-block-paragraph\">A unidade ficar\u00e1 instalada no estacionamento do Espa\u00e7o Cultural, na Avenida Jove Soares, com capacidade para atender 120 pacientes por dia.<\/p>\n\n\n\n<p class=\"wp-block-paragraph\">Entre os servi\u00e7os oferecidos na Unidade M\u00f3vel est\u00e3o consultas oftalmol\u00f3gicas e exames de tonometria, fundoscopia, avalia\u00e7\u00e3o de acuidade visual e autorrefratometria.<\/p>\n\n\n\n<p class=\"wp-block-paragraph\"><strong>Atendimento especializado no CEMO<\/strong><\/p>\n\n\n\n<p class=\"wp-block-paragraph\">Paralelamente, o ambulat\u00f3rio de oftalmologia do CEMO Dr. Ov\u00eddio tamb\u00e9m inicia os atendimentos a partir de 1\u00ba de setembro. Nesta primeira etapa, ser\u00e3o realizadas diariamente dezenas de consultas destinadas a pacientes com glaucoma j\u00e1 constantes na lista de espera.<\/p>\n\n\n\n<p class=\"wp-block-paragraph\">A partir do dia 14 de setembro, o atendimento no CEMO ser\u00e1 ampliado, todos os dias, contemplando avalia\u00e7\u00f5es, exames e procedimentos oftalmol\u00f3gicos especializados de rotina.<\/p>\n\n\n\n<p class=\"wp-block-paragraph\">Entre os servi\u00e7os previstos est\u00e3o avalia\u00e7\u00e3o de retina, avalia\u00e7\u00e3o de glaucoma, inje\u00e7\u00e3o intrav\u00edtrea, ECAO, campimetria, capsulotomia YAG Laser, fotocoagula\u00e7\u00e3o, gonioscopia e paquimetria.<\/p>\n\n\n\n<p class=\"wp-block-paragraph\">Tamb\u00e9m ser\u00e3o realizados retinografia colorida, retinografia angio, teste de lente, OCT para glaucoma, OCT de retina, facoemulsifica\u00e7\u00e3o, atendimento para pter\u00edgio e exames de refra\u00e7\u00e3o para diferentes faixas et\u00e1rias.<\/p>\n\n\n\n<p class=\"wp-block-paragraph\">Com a amplia\u00e7\u00e3o dos atendimentos, a Secretaria Municipal de Sa\u00fade pretende avan\u00e7ar na redu\u00e7\u00e3o da demanda reprimida e proporcionar maior acesso da popula\u00e7\u00e3o aos servi\u00e7os de preven\u00e7\u00e3o, diagn\u00f3stico e tratamento de doen\u00e7as oftalmol\u00f3gicas.<\/p>\n\n\n\n<figure class=\"wp-block-gallery has-nested-images columns-default is-cropped wp-block-gallery-1 is-layout-flex wp-block-gallery-is-layout-flex\">\n<figure class=\"wp-block-image size-large\"><img fetchpriority=\"high\" decoding=\"async\" width=\"1024\" height=\"768\" data-id=\"38358\" src=\"https:\/\/www.gazetaitauna.com.br\/site\/wp-content\/uploads\/2026\/09\/WhatsApp-Image-2026-09-01-at-09.21.22-1024x768.jpeg\" alt=\"\" class=\"wp-image-38358\" srcset=\"https:\/\/www.gazetaitauna.com.br\/site\/wp-content\/uploads\/2026\/09\/WhatsApp-Image-2026-09-01-at-09.21.22-1024x768.jpeg 1024w, https:\/\/www.gazetaitauna.com.br\/site\/wp-content\/uploads\/2026\/09\/WhatsApp-Image-2026-09-01-at-09.21.22-300x225.jpeg 300w, https:\/\/www.gazetaitauna.com.br\/site\/wp-content\/uploads\/2026\/09\/WhatsApp-Image-2026-09-01-at-09.21.22-768x576.jpeg 768w, https:\/\/www.gazetaitauna.com.br\/site\/wp-content\/uploads\/2026\/09\/WhatsApp-Image-2026-09-01-at-09.21.22-1536x1152.jpeg 1536w, https:\/\/www.gazetaitauna.com.br\/site\/wp-content\/uploads\/2026\/09\/WhatsApp-Image-2026-09-01-at-09.21.22-2048x1536.jpeg 2048w, https:\/\/www.gazetaitauna.com.br\/site\/wp-content\/uploads\/2026\/09\/WhatsApp-Image-2026-09-01-at-09.21.22-720x540.jpeg 720w\" sizes=\"(max-width: 1024px) 100vw, 1024px\" \/><\/figure>\n\n\n\n<figure class=\"wp-block-image size-large\"><img decoding=\"async\" width=\"1024\" height=\"768\" data-id=\"38357\" src=\"https:\/\/www.gazetaitauna.com.br\/site\/wp-content\/uploads\/2026\/09\/WhatsApp-Image-2026-09-01-at-09.21.24-1024x768.jpeg\" alt=\"\" class=\"wp-image-38357\" srcset=\"https:\/\/www.gazetaitauna.com.br\/site\/wp-content\/uploads\/2026\/09\/WhatsApp-Image-2026-09-01-at-09.21.24-1024x768.jpeg 1024w, https:\/\/www.gazetaitauna.com.br\/site\/wp-content\/uploads\/2026\/09\/WhatsApp-Image-2026-09-01-at-09.21.24-300x225.jpeg 300w, https:\/\/www.gazetaitauna.com.br\/site\/wp-content\/uploads\/2026\/09\/WhatsApp-Image-2026-09-01-at-09.21.24-768x576.jpeg 768w, https:\/\/www.gazetaitauna.com.br\/site\/wp-content\/uploads\/2026\/09\/WhatsApp-Image-2026-09-01-at-09.21.24-1536x1152.jpeg 1536w, https:\/\/www.gazetaitauna.com.br\/site\/wp-content\/uploads\/2026\/09\/WhatsApp-Image-2026-09-01-at-09.21.24-2048x1536.jpeg 2048w, https:\/\/www.gazetaitauna.com.br\/site\/wp-content\/uploads\/2026\/09\/WhatsApp-Image-2026-09-01-at-09.21.24-720x540.jpeg 720w\" sizes=\"(max-width: 1024px) 100vw, 1024px\" \/><\/figure>\n<\/figure>\n","protected":false},"excerpt":{"rendered":"<p>Fotos: in\u00edcio do atendimento na estacionamento do Espa\u00e7o Cultural na manh\u00e3 desta ter\u00e7a-feira, 1\u00ba &#8211;<\/p>\n","protected":false},"author":2,"featured_media":38356,"comment_status":"open","ping_status":"open","sticky":false,"template":"","format":"standard","meta":{"_jetpack_newsletter_access":"","_jetpack_dont_email_post_to_subs":false,"_jetpack_newsletter_tier_id":0,"_jetpack_memberships_contains_paywalled_content":false,"_jetpack_feature_clip_id":0,"_jetpack_memberships_contains_paid_content":false,"footnotes":"","jetpack_post_was_ever_published":false},"categories":[295],"tags":[826,3136],"class_list":["post-38355","post","type-post","status-publish","format-standard","has-post-thumbnail","hentry","category-itauna","tag-gazeta-itauna-2","tag-itauna-mg-2"],"yoast_head":"<!-- This site is optimized with the Yoast SEO plugin v28.1 - https:\/\/yoast.com\/product\/yoast-seo-wordpress\/ -->\n<title>Come\u00e7am nesta ter\u00e7a-feira, 1\u00ba, v\u00e1rios atendimentos oftalmol\u00f3gicos para pacientes da lista de espera - Gazeta Ita\u00fana<\/title>\n<meta name=\"robots\" content=\"index, follow, max-snippet:-1, max-image-preview:large, max-video-preview:-1\" \/>\n<link rel=\"canonical\" href=\"https:\/\/www.gazetaitauna.com.br\/site\/comecam-nesta-terca-feira-1o-varios-atendimentos-oftalmologicos-para-pacientes-da-lista-de-espera\/\" \/>\n<meta property=\"og:locale\" content=\"pt_BR\" \/>\n<meta property=\"og:type\" content=\"article\" \/>\n<meta property=\"og:title\" content=\"Come\u00e7am nesta ter\u00e7a-feira, 1\u00ba, v\u00e1rios atendimentos oftalmol\u00f3gicos para pacientes da lista de espera - Gazeta Ita\u00fana\" \/>\n<meta property=\"og:description\" content=\"Fotos: in\u00edcio do atendimento na estacionamento do Espa\u00e7o Cultural na manh\u00e3 desta ter\u00e7a-feira, 1\u00ba &#8211;\" \/>\n<meta property=\"og:url\" content=\"https:\/\/www.gazetaitauna.com.br\/site\/comecam-nesta-terca-feira-1o-varios-atendimentos-oftalmologicos-para-pacientes-da-lista-de-espera\/\" \/>\n<meta property=\"og:site_name\" content=\"Gazeta Ita\u00fana\" \/>\n<meta property=\"article:publisher\" content=\"https:\/\/www.facebook.com\/gazetadeitauna\" \/>\n<meta property=\"article:published_time\" content=\"2026-09-01T12:42:05+00:00\" \/>\n<meta property=\"article:modified_time\" content=\"2026-09-01T12:42:07+00:00\" \/>\n<meta property=\"og:image\" content=\"https:\/\/www.gazetaitauna.com.br\/site\/wp-content\/uploads\/2026\/09\/WhatsApp-Image-2026-09-01-at-09.21.23-scaled-e1788266288540.jpeg\" \/>\n\t<meta property=\"og:image:width\" content=\"613\" \/>\n\t<meta property=\"og:image:height\" content=\"460\" \/>\n\t<meta property=\"og:image:type\" content=\"image\/jpeg\" \/>\n<meta name=\"author\" content=\"Reda\u00e7\u00e3o\" \/>\n<meta name=\"twitter:card\" content=\"summary_large_image\" \/>\n<meta name=\"twitter:label1\" content=\"Escrito por\" \/>\n\t<meta name=\"twitter:data1\" content=\"Reda\u00e7\u00e3o\" \/>\n\t<meta name=\"twitter:label2\" content=\"Est. tempo de leitura\" \/>\n\t<meta name=\"twitter:data2\" content=\"3 minutos\" \/>\n<script type=\"application\/ld+json\" class=\"yoast-schema-graph\">{\"@context\":\"https:\\\/\\\/schema.org\",\"@graph\":[{\"@type\":\"Article\",\"@id\":\"https:\\\/\\\/www.gazetaitauna.com.br\\\/site\\\/comecam-nesta-terca-feira-1o-varios-atendimentos-oftalmologicos-para-pacientes-da-lista-de-espera\\\/#article\",\"isPartOf\":{\"@id\":\"https:\\\/\\\/www.gazetaitauna.com.br\\\/site\\\/comecam-nesta-terca-feira-1o-varios-atendimentos-oftalmologicos-para-pacientes-da-lista-de-espera\\\/\"},\"author\":{\"name\":\"Reda\u00e7\u00e3o\",\"@id\":\"https:\\\/\\\/www.gazetaitauna.com.br\\\/site\\\/#\\\/schema\\\/person\\\/83fac651809e5dec9550ff5ced432d71\"},\"headline\":\"Come\u00e7am nesta ter\u00e7a-feira, 1\u00ba, v\u00e1rios atendimentos oftalmol\u00f3gicos para pacientes da lista de espera\",\"datePublished\":\"2026-09-01T12:42:05+00:00\",\"dateModified\":\"2026-09-01T12:42:07+00:00\",\"mainEntityOfPage\":{\"@id\":\"https:\\\/\\\/www.gazetaitauna.com.br\\\/site\\\/comecam-nesta-terca-feira-1o-varios-atendimentos-oftalmologicos-para-pacientes-da-lista-de-espera\\\/\"},\"wordCount\":336,\"commentCount\":0,\"publisher\":{\"@id\":\"https:\\\/\\\/www.gazetaitauna.com.br\\\/site\\\/#organization\"},\"image\":{\"@id\":\"https:\\\/\\\/www.gazetaitauna.com.br\\\/site\\\/comecam-nesta-terca-feira-1o-varios-atendimentos-oftalmologicos-para-pacientes-da-lista-de-espera\\\/#primaryimage\"},\"thumbnailUrl\":\"https:\\\/\\\/www.gazetaitauna.com.br\\\/site\\\/wp-content\\\/uploads\\\/2026\\\/09\\\/WhatsApp-Image-2026-09-01-at-09.21.23-scaled-e1788266288540.jpeg\",\"keywords\":[\"Gazeta Ita\u00fana\",\"Ita\u00fana\\\/MG\"],\"articleSection\":[\"Ita\u00fana\"],\"inLanguage\":\"pt-BR\",\"potentialAction\":[{\"@type\":\"CommentAction\",\"name\":\"Comment\",\"target\":[\"https:\\\/\\\/www.gazetaitauna.com.br\\\/site\\\/comecam-nesta-terca-feira-1o-varios-atendimentos-oftalmologicos-para-pacientes-da-lista-de-espera\\\/#respond\"]}]},{\"@type\":\"WebPage\",\"@id\":\"https:\\\/\\\/www.gazetaitauna.com.br\\\/site\\\/comecam-nesta-terca-feira-1o-varios-atendimentos-oftalmologicos-para-pacientes-da-lista-de-espera\\\/\",\"url\":\"https:\\\/\\\/www.gazetaitauna.com.br\\\/site\\\/comecam-nesta-terca-feira-1o-varios-atendimentos-oftalmologicos-para-pacientes-da-lista-de-espera\\\/\",\"name\":\"Come\u00e7am nesta ter\u00e7a-feira, 1\u00ba, v\u00e1rios atendimentos oftalmol\u00f3gicos para pacientes da lista de espera - Gazeta Ita\u00fana\",\"isPartOf\":{\"@id\":\"https:\\\/\\\/www.gazetaitauna.com.br\\\/site\\\/#website\"},\"primaryImageOfPage\":{\"@id\":\"https:\\\/\\\/www.gazetaitauna.com.br\\\/site\\\/comecam-nesta-terca-feira-1o-varios-atendimentos-oftalmologicos-para-pacientes-da-lista-de-espera\\\/#primaryimage\"},\"image\":{\"@id\":\"https:\\\/\\\/www.gazetaitauna.com.br\\\/site\\\/comecam-nesta-terca-feira-1o-varios-atendimentos-oftalmologicos-para-pacientes-da-lista-de-espera\\\/#primaryimage\"},\"thumbnailUrl\":\"https:\\\/\\\/www.gazetaitauna.com.br\\\/site\\\/wp-content\\\/uploads\\\/2026\\\/09\\\/WhatsApp-Image-2026-09-01-at-09.21.23-scaled-e1788266288540.jpeg\",\"datePublished\":\"2026-09-01T12:42:05+00:00\",\"dateModified\":\"2026-09-01T12:42:07+00:00\",\"breadcrumb\":{\"@id\":\"https:\\\/\\\/www.gazetaitauna.com.br\\\/site\\\/comecam-nesta-terca-feira-1o-varios-atendimentos-oftalmologicos-para-pacientes-da-lista-de-espera\\\/#breadcrumb\"},\"inLanguage\":\"pt-BR\",\"potentialAction\":[{\"@type\":\"ReadAction\",\"target\":[\"https:\\\/\\\/www.gazetaitauna.com.br\\\/site\\\/comecam-nesta-terca-feira-1o-varios-atendimentos-oftalmologicos-para-pacientes-da-lista-de-espera\\\/\"]}]},{\"@type\":\"ImageObject\",\"inLanguage\":\"pt-BR\",\"@id\":\"https:\\\/\\\/www.gazetaitauna.com.br\\\/site\\\/comecam-nesta-terca-feira-1o-varios-atendimentos-oftalmologicos-para-pacientes-da-lista-de-espera\\\/#primaryimage\",\"url\":\"https:\\\/\\\/www.gazetaitauna.com.br\\\/site\\\/wp-content\\\/uploads\\\/2026\\\/09\\\/WhatsApp-Image-2026-09-01-at-09.21.23-scaled-e1788266288540.jpeg\",\"contentUrl\":\"https:\\\/\\\/www.gazetaitauna.com.br\\\/site\\\/wp-content\\\/uploads\\\/2026\\\/09\\\/WhatsApp-Image-2026-09-01-at-09.21.23-scaled-e1788266288540.jpeg\",\"width\":613,\"height\":460},{\"@type\":\"BreadcrumbList\",\"@id\":\"https:\\\/\\\/www.gazetaitauna.com.br\\\/site\\\/comecam-nesta-terca-feira-1o-varios-atendimentos-oftalmologicos-para-pacientes-da-lista-de-espera\\\/#breadcrumb\",\"itemListElement\":[{\"@type\":\"ListItem\",\"position\":1,\"name\":\"In\u00edcio\",\"item\":\"https:\\\/\\\/www.gazetaitauna.com.br\\\/site\\\/\"},{\"@type\":\"ListItem\",\"position\":2,\"name\":\"Come\u00e7am nesta ter\u00e7a-feira, 1\u00ba, v\u00e1rios atendimentos oftalmol\u00f3gicos para pacientes da lista de espera\"}]},{\"@type\":\"WebSite\",\"@id\":\"https:\\\/\\\/www.gazetaitauna.com.br\\\/site\\\/#website\",\"url\":\"https:\\\/\\\/www.gazetaitauna.com.br\\\/site\\\/\",\"name\":\"Gazeta de Ita\u00fana\",\"description\":\"Jornal Ita\u00fana MG\",\"publisher\":{\"@id\":\"https:\\\/\\\/www.gazetaitauna.com.br\\\/site\\\/#organization\"},\"potentialAction\":[{\"@type\":\"SearchAction\",\"target\":{\"@type\":\"EntryPoint\",\"urlTemplate\":\"https:\\\/\\\/www.gazetaitauna.com.br\\\/site\\\/?s={search_term_string}\"},\"query-input\":{\"@type\":\"PropertyValueSpecification\",\"valueRequired\":true,\"valueName\":\"search_term_string\"}}],\"inLanguage\":\"pt-BR\"},{\"@type\":\"Organization\",\"@id\":\"https:\\\/\\\/www.gazetaitauna.com.br\\\/site\\\/#organization\",\"name\":\"Gazeta de Ita\u00fana\",\"url\":\"https:\\\/\\\/www.gazetaitauna.com.br\\\/site\\\/\",\"logo\":{\"@type\":\"ImageObject\",\"inLanguage\":\"pt-BR\",\"@id\":\"https:\\\/\\\/www.gazetaitauna.com.br\\\/site\\\/#\\\/schema\\\/logo\\\/image\\\/\",\"url\":\"https:\\\/\\\/www.gazetaitauna.com.br\\\/site\\\/wp-content\\\/uploads\\\/2020\\\/07\\\/gazeta-icone.png\",\"contentUrl\":\"https:\\\/\\\/www.gazetaitauna.com.br\\\/site\\\/wp-content\\\/uploads\\\/2020\\\/07\\\/gazeta-icone.png\",\"width\":592,\"height\":420,\"caption\":\"Gazeta de Ita\u00fana\"},\"image\":{\"@id\":\"https:\\\/\\\/www.gazetaitauna.com.br\\\/site\\\/#\\\/schema\\\/logo\\\/image\\\/\"},\"sameAs\":[\"https:\\\/\\\/www.facebook.com\\\/gazetadeitauna\",\"https:\\\/\\\/www.instagram.com\\\/gazetadeitauna\"]},{\"@type\":\"Person\",\"@id\":\"https:\\\/\\\/www.gazetaitauna.com.br\\\/site\\\/#\\\/schema\\\/person\\\/83fac651809e5dec9550ff5ced432d71\",\"name\":\"Reda\u00e7\u00e3o\",\"image\":{\"@type\":\"ImageObject\",\"inLanguage\":\"pt-BR\",\"@id\":\"https:\\\/\\\/www.gazetaitauna.com.br\\\/site\\\/wp-content\\\/uploads\\\/2020\\\/07\\\/reda\u00e7\u00e3o-1-150x150.png\",\"url\":\"https:\\\/\\\/www.gazetaitauna.com.br\\\/site\\\/wp-content\\\/uploads\\\/2020\\\/07\\\/reda\u00e7\u00e3o-1-150x150.png\",\"contentUrl\":\"https:\\\/\\\/www.gazetaitauna.com.br\\\/site\\\/wp-content\\\/uploads\\\/2020\\\/07\\\/reda\u00e7\u00e3o-1-150x150.png\",\"caption\":\"Reda\u00e7\u00e3o\"},\"url\":\"https:\\\/\\\/www.gazetaitauna.com.br\\\/site\\\/author\\\/redacao\\\/\"}]}<\/script>\n<!-- \/ Yoast SEO plugin. -->","yoast_head_json":{"title":"Come\u00e7am nesta ter\u00e7a-feira, 1\u00ba, v\u00e1rios atendimentos oftalmol\u00f3gicos para pacientes da lista de espera - Gazeta Ita\u00fana","robots":{"index":"index","follow":"follow","max-snippet":"max-snippet:-1","max-image-preview":"max-image-preview:large","max-video-preview":"max-video-preview:-1"},"canonical":"https:\/\/www.gazetaitauna.com.br\/site\/comecam-nesta-terca-feira-1o-varios-atendimentos-oftalmologicos-para-pacientes-da-lista-de-espera\/","og_locale":"pt_BR","og_type":"article","og_title":"Come\u00e7am nesta ter\u00e7a-feira, 1\u00ba, v\u00e1rios atendimentos oftalmol\u00f3gicos para pacientes da lista de espera - Gazeta Ita\u00fana","og_description":"Fotos: in\u00edcio do atendimento na estacionamento do Espa\u00e7o Cultural na manh\u00e3 desta ter\u00e7a-feira, 1\u00ba &#8211;","og_url":"https:\/\/www.gazetaitauna.com.br\/site\/comecam-nesta-terca-feira-1o-varios-atendimentos-oftalmologicos-para-pacientes-da-lista-de-espera\/","og_site_name":"Gazeta Ita\u00fana","article_publisher":"https:\/\/www.facebook.com\/gazetadeitauna","article_published_time":"2026-09-01T12:42:05+00:00","article_modified_time":"2026-09-01T12:42:07+00:00","og_image":[{"width":613,"height":460,"url":"https:\/\/www.gazetaitauna.com.br\/site\/wp-content\/uploads\/2026\/09\/WhatsApp-Image-2026-09-01-at-09.21.23-scaled-e1788266288540.jpeg","type":"image\/jpeg"}],"author":"Reda\u00e7\u00e3o","twitter_card":"summary_large_image","twitter_misc":{"Escrito por":"Reda\u00e7\u00e3o","Est. tempo de leitura":"3 minutos"},"schema":{"@context":"https:\/\/schema.org","@graph":[{"@type":"Article","@id":"https:\/\/www.gazetaitauna.com.br\/site\/comecam-nesta-terca-feira-1o-varios-atendimentos-oftalmologicos-para-pacientes-da-lista-de-espera\/#article","isPartOf":{"@id":"https:\/\/www.gazetaitauna.com.br\/site\/comecam-nesta-terca-feira-1o-varios-atendimentos-oftalmologicos-para-pacientes-da-lista-de-espera\/"},"author":{"name":"Reda\u00e7\u00e3o","@id":"https:\/\/www.gazetaitauna.com.br\/site\/#\/schema\/person\/83fac651809e5dec9550ff5ced432d71"},"headline":"Come\u00e7am nesta ter\u00e7a-feira, 1\u00ba, v\u00e1rios atendimentos oftalmol\u00f3gicos para pacientes da lista de espera","datePublished":"2026-09-01T12:42:05+00:00","dateModified":"2026-09-01T12:42:07+00:00","mainEntityOfPage":{"@id":"https:\/\/www.gazetaitauna.com.br\/site\/comecam-nesta-terca-feira-1o-varios-atendimentos-oftalmologicos-para-pacientes-da-lista-de-espera\/"},"wordCount":336,"commentCount":0,"publisher":{"@id":"https:\/\/www.gazetaitauna.com.br\/site\/#organization"},"image":{"@id":"https:\/\/www.gazetaitauna.com.br\/site\/comecam-nesta-terca-feira-1o-varios-atendimentos-oftalmologicos-para-pacientes-da-lista-de-espera\/#primaryimage"},"thumbnailUrl":"https:\/\/www.gazetaitauna.com.br\/site\/wp-content\/uploads\/2026\/09\/WhatsApp-Image-2026-09-01-at-09.21.23-scaled-e1788266288540.jpeg","keywords":["Gazeta Ita\u00fana","Ita\u00fana\/MG"],"articleSection":["Ita\u00fana"],"inLanguage":"pt-BR","potentialAction":[{"@type":"CommentAction","name":"Comment","target":["https:\/\/www.gazetaitauna.com.br\/site\/comecam-nesta-terca-feira-1o-varios-atendimentos-oftalmologicos-para-pacientes-da-lista-de-espera\/#respond"]}]},{"@type":"WebPage","@id":"https:\/\/www.gazetaitauna.com.br\/site\/comecam-nesta-terca-feira-1o-varios-atendimentos-oftalmologicos-para-pacientes-da-lista-de-espera\/","url":"https:\/\/www.gazetaitauna.com.br\/site\/comecam-nesta-terca-feira-1o-varios-atendimentos-oftalmologicos-para-pacientes-da-lista-de-espera\/","name":"Come\u00e7am nesta ter\u00e7a-feira, 1\u00ba, v\u00e1rios atendimentos oftalmol\u00f3gicos para pacientes da lista de espera - Gazeta Ita\u00fana","isPartOf":{"@id":"https:\/\/www.gazetaitauna.com.br\/site\/#website"},"primaryImageOfPage":{"@id":"https:\/\/www.gazetaitauna.com.br\/site\/comecam-nesta-terca-feira-1o-varios-atendimentos-oftalmologicos-para-pacientes-da-lista-de-espera\/#primaryimage"},"image":{"@id":"https:\/\/www.gazetaitauna.com.br\/site\/comecam-nesta-terca-feira-1o-varios-atendimentos-oftalmologicos-para-pacientes-da-lista-de-espera\/#primaryimage"},"thumbnailUrl":"https:\/\/www.gazetaitauna.com.br\/site\/wp-content\/uploads\/2026\/09\/WhatsApp-Image-2026-09-01-at-09.21.23-scaled-e1788266288540.jpeg","datePublished":"2026-09-01T12:42:05+00:00","dateModified":"2026-09-01T12:42:07+00:00","breadcrumb":{"@id":"https:\/\/www.gazetaitauna.com.br\/site\/comecam-nesta-terca-feira-1o-varios-atendimentos-oftalmologicos-para-pacientes-da-lista-de-espera\/#breadcrumb"},"inLanguage":"pt-BR","potentialAction":[{"@type":"ReadAction","target":["https:\/\/www.gazetaitauna.com.br\/site\/comecam-nesta-terca-feira-1o-varios-atendimentos-oftalmologicos-para-pacientes-da-lista-de-espera\/"]}]},{"@type":"ImageObject","inLanguage":"pt-BR","@id":"https:\/\/www.gazetaitauna.com.br\/site\/comecam-nesta-terca-feira-1o-varios-atendimentos-oftalmologicos-para-pacientes-da-lista-de-espera\/#primaryimage","url":"https:\/\/www.gazetaitauna.com.br\/site\/wp-content\/uploads\/2026\/09\/WhatsApp-Image-2026-09-01-at-09.21.23-scaled-e1788266288540.jpeg","contentUrl":"https:\/\/www.gazetaitauna.com.br\/site\/wp-content\/uploads\/2026\/09\/WhatsApp-Image-2026-09-01-at-09.21.23-scaled-e1788266288540.jpeg","width":613,"height":460},{"@type":"BreadcrumbList","@id":"https:\/\/www.gazetaitauna.com.br\/site\/comecam-nesta-terca-feira-1o-varios-atendimentos-oftalmologicos-para-pacientes-da-lista-de-espera\/#breadcrumb","itemListElement":[{"@type":"ListItem","position":1,"name":"In\u00edcio","item":"https:\/\/www.gazetaitauna.com.br\/site\/"},{"@type":"ListItem","position":2,"name":"Come\u00e7am nesta ter\u00e7a-feira, 1\u00ba, v\u00e1rios atendimentos oftalmol\u00f3gicos para pacientes da lista de espera"}]},{"@type":"WebSite","@id":"https:\/\/www.gazetaitauna.com.br\/site\/#website","url":"https:\/\/www.gazetaitauna.com.br\/site\/","name":"Gazeta de Ita\u00fana","description":"Jornal Ita\u00fana MG","publisher":{"@id":"https:\/\/www.gazetaitauna.com.br\/site\/#organization"},"potentialAction":[{"@type":"SearchAction","target":{"@type":"EntryPoint","urlTemplate":"https:\/\/www.gazetaitauna.com.br\/site\/?s={search_term_string}"},"query-input":{"@type":"PropertyValueSpecification","valueRequired":true,"valueName":"search_term_string"}}],"inLanguage":"pt-BR"},{"@type":"Organization","@id":"https:\/\/www.gazetaitauna.com.br\/site\/#organization","name":"Gazeta de Ita\u00fana","url":"https:\/\/www.gazetaitauna.com.br\/site\/","logo":{"@type":"ImageObject","inLanguage":"pt-BR","@id":"https:\/\/www.gazetaitauna.com.br\/site\/#\/schema\/logo\/image\/","url":"https:\/\/www.gazetaitauna.com.br\/site\/wp-content\/uploads\/2020\/07\/gazeta-icone.png","contentUrl":"https:\/\/www.gazetaitauna.com.br\/site\/wp-content\/uploads\/2020\/07\/gazeta-icone.png","width":592,"height":420,"caption":"Gazeta de Ita\u00fana"},"image":{"@id":"https:\/\/www.gazetaitauna.com.br\/site\/#\/schema\/logo\/image\/"},"sameAs":["https:\/\/www.facebook.com\/gazetadeitauna","https:\/\/www.instagram.com\/gazetadeitauna"]},{"@type":"Person","@id":"https:\/\/www.gazetaitauna.com.br\/site\/#\/schema\/person\/83fac651809e5dec9550ff5ced432d71","name":"Reda\u00e7\u00e3o","image":{"@type":"ImageObject","inLanguage":"pt-BR","@id":"https:\/\/www.gazetaitauna.com.br\/site\/wp-content\/uploads\/2020\/07\/reda\u00e7\u00e3o-1-150x150.png","url":"https:\/\/www.gazetaitauna.com.br\/site\/wp-content\/uploads\/2020\/07\/reda\u00e7\u00e3o-1-150x150.png","contentUrl":"https:\/\/www.gazetaitauna.com.br\/site\/wp-content\/uploads\/2020\/07\/reda\u00e7\u00e3o-1-150x150.png","caption":"Reda\u00e7\u00e3o"},"url":"https:\/\/www.gazetaitauna.com.br\/site\/author\/redacao\/"}]}},"jetpack_featured_media_url":"https:\/\/www.gazetaitauna.com.br\/site\/wp-content\/uploads\/2026\/09\/WhatsApp-Image-2026-09-01-at-09.21.23-scaled-e1788266288540.jpeg","jetpack_sharing_enabled":true,"_links":{"self":[{"href":"https:\/\/www.gazetaitauna.com.br\/site\/wp-json\/wp\/v2\/posts\/38355","targetHints":{"allow":["GET"]}}],"collection":[{"href":"https:\/\/www.gazetaitauna.com.br\/site\/wp-json\/wp\/v2\/posts"}],"about":[{"href":"https:\/\/www.gazetaitauna.com.br\/site\/wp-json\/wp\/v2\/types\/post"}],"author":[{"embeddable":true,"href":"https:\/\/www.gazetaitauna.com.br\/site\/wp-json\/wp\/v2\/users\/2"}],"replies":[{"embeddable":true,"href":"https:\/\/www.gazetaitauna.com.br\/site\/wp-json\/wp\/v2\/comments?post=38355"}],"version-history":[{"count":1,"href":"https:\/\/www.gazetaitauna.com.br\/site\/wp-json\/wp\/v2\/posts\/38355\/revisions"}],"predecessor-version":[{"id":38359,"href":"https:\/\/www.gazetaitauna.com.br\/site\/wp-json\/wp\/v2\/posts\/38355\/revisions\/38359"}],"wp:featuredmedia":[{"embeddable":true,"href":"https:\/\/www.gazetaitauna.com.br\/site\/wp-json\/wp\/v2\/media\/38356"}],"wp:attachment":[{"href":"https:\/\/www.gazetaitauna.com.br\/site\/wp-json\/wp\/v2\/media?parent=38355"}],"wp:term":[{"taxonomy":"category","embeddable":true,"href":"https:\/\/www.gazetaitauna.com.br\/site\/wp-json\/wp\/v2\/categories?post=38355"},{"taxonomy":"post_tag","embeddable":true,"href":"https:\/\/www.gazetaitauna.com.br\/site\/wp-json\/wp\/v2\/tags?post=38355"}],"curies":[{"name":"wp","href":"https:\/\/api.w.org\/{rel}","templated":true}]}}