{"id":38352,"date":"2026-09-01T09:15:41","date_gmt":"2026-09-01T12:15:41","guid":{"rendered":"https:\/\/www.gazetaitauna.com.br\/site\/?p=38352"},"modified":"2026-09-01T09:15:42","modified_gmt":"2026-09-01T12:15:42","slug":"em-bilhete-menina-de-10-anos-conta-para-a-mae-que-vinha-sendo-abusada-pelo-padrasto-em-minas","status":"publish","type":"post","link":"https:\/\/www.gazetaitauna.com.br\/site\/em-bilhete-menina-de-10-anos-conta-para-a-mae-que-vinha-sendo-abusada-pelo-padrasto-em-minas\/","title":{"rendered":"Em bilhete, menina de 10 anos conta para a m\u00e3e que vinha sendo abusada pelo padrasto em Minas"},"content":{"rendered":"\n<p class=\"wp-block-paragraph\">Um homem de 31 anos foi preso em Santa Luzia, denunciado por uma crian\u00e7a de 10 por abusos contra ela.<\/p>\n\n\n\n<p class=\"wp-block-paragraph\">A den\u00fancia foi feita em um bilhete da menina para a m\u00e3e onde falava sobre os abusos e do seu sofrimento.<\/p>\n\n\n\n<p class=\"wp-block-paragraph\">Depois de den\u00fancia junto \u00e0 pol\u00edcia, a menina contou que os abusos come\u00e7aram quando ela tinha 8 anos.<\/p>\n\n\n\n<p class=\"wp-block-paragraph\">O bilhete foi encontrado pela m\u00e3e no dia 24 de agosto e a m\u00e3e acreditou na filha. Segundo o bilhete, ela n\u00e3o contou nada antes por achava que a m\u00e3e estava feliz e n\u00e3o queria atrapalhar isto, mas percebia que a m\u00e3e n\u00e3o era mais t\u00e3o feliz e que ela tamb\u00e9m n\u00e3o estava aguentando mais.<\/p>\n\n\n\n<blockquote class=\"wp-block-quote is-layout-flow wp-block-quote-is-layout-flow\">\n<p class=\"wp-block-paragraph\">&#8220;M\u00e3e, eu preciso falar uma coisa: o ***** me abusa desde meus 8 anos. Eu quis falar isso porque eu &#8216;t\u00f4&#8217; cansada disso. Eu n\u00e3o te falei antes porque eu achava que voc\u00eas eram um casal feliz, mas eu &#8216;t\u00f4&#8217; vendo que n\u00e3o est\u00e3o mais felizes. Ele &#8216;t\u00e1&#8217; te deixando triste. Por isso eu quis te falar isso em formato de carta. Leia, por favor. M\u00e3e, te amo&#8221;, escreveu.<\/p>\n<\/blockquote>\n\n\n\n<p class=\"wp-block-paragraph\">A m\u00e3e decidiu conseguir provas contra o companheiro e instalou uma c\u00e2mera na casa.<\/p>\n\n\n\n<p class=\"wp-block-paragraph\">No dia seguinte, os tr\u00eas estavam fora de casa, mas nas proximidades e a m\u00e3e mandou a filha ir para casa tomar banho. Pouco tempo depois o padrasto seguiu tamb\u00e9m e foi flagrado pela c\u00e2mera e pela m\u00e3e. O homem perguntou \u00e0 menina se ela o havia denunciado e ao receber a afirmativa disse a ela que \u201cse n\u00e3o queria mais\u201d, deveria ter falado que &#8220;ele pararia&#8221;.<\/p>\n\n\n\n<p class=\"wp-block-paragraph\">A Pol\u00edcia Militar, que passava pelo local no momento do flagrante, foi acionada. O homem negou o abuso, contou que tem tamb\u00e9m uma filha e nunca faria isto com a enteada.<\/p>\n\n\n\n<p class=\"wp-block-paragraph\">Ele foi preso no dia 25 de agosto e liberado horas depois, mas as investiga\u00e7\u00f5es continuam atrav\u00e9s da Pol\u00edcia Civil<\/p>\n","protected":false},"excerpt":{"rendered":"<p>Um homem de 31 anos foi preso em Santa Luzia, denunciado por uma crian\u00e7a de<\/p>\n","protected":false},"author":2,"featured_media":38353,"comment_status":"open","ping_status":"open","sticky":false,"template":"","format":"standard","meta":{"_jetpack_newsletter_access":"","_jetpack_dont_email_post_to_subs":false,"_jetpack_newsletter_tier_id":0,"_jetpack_memberships_contains_paywalled_content":false,"_jetpack_feature_clip_id":0,"_jetpack_memberships_contains_paid_content":false,"footnotes":"","jetpack_post_was_ever_published":false},"categories":[4],"tags":[826,3136],"class_list":["post-38352","post","type-post","status-publish","format-standard","has-post-thumbnail","hentry","category-policial","tag-gazeta-itauna-2","tag-itauna-mg-2"],"yoast_head":"<!-- This site is optimized with the Yoast SEO plugin v28.1 - https:\/\/yoast.com\/product\/yoast-seo-wordpress\/ -->\n<title>Em bilhete, menina de 10 anos conta para a m\u00e3e que vinha sendo abusada pelo padrasto em Minas - Gazeta Ita\u00fana<\/title>\n<meta name=\"robots\" content=\"index, follow, max-snippet:-1, max-image-preview:large, max-video-preview:-1\" \/>\n<link rel=\"canonical\" href=\"https:\/\/www.gazetaitauna.com.br\/site\/em-bilhete-menina-de-10-anos-conta-para-a-mae-que-vinha-sendo-abusada-pelo-padrasto-em-minas\/\" \/>\n<meta property=\"og:locale\" content=\"pt_BR\" \/>\n<meta property=\"og:type\" content=\"article\" \/>\n<meta property=\"og:title\" content=\"Em bilhete, menina de 10 anos conta para a m\u00e3e que vinha sendo abusada pelo padrasto em Minas - Gazeta Ita\u00fana\" \/>\n<meta property=\"og:description\" content=\"Um homem de 31 anos foi preso em Santa Luzia, denunciado por uma crian\u00e7a de\" \/>\n<meta property=\"og:url\" content=\"https:\/\/www.gazetaitauna.com.br\/site\/em-bilhete-menina-de-10-anos-conta-para-a-mae-que-vinha-sendo-abusada-pelo-padrasto-em-minas\/\" \/>\n<meta property=\"og:site_name\" content=\"Gazeta Ita\u00fana\" \/>\n<meta property=\"article:publisher\" content=\"https:\/\/www.facebook.com\/gazetadeitauna\" \/>\n<meta property=\"article:published_time\" content=\"2026-09-01T12:15:41+00:00\" \/>\n<meta property=\"article:modified_time\" content=\"2026-09-01T12:15:42+00:00\" \/>\n<meta property=\"og:image\" content=\"https:\/\/www.gazetaitauna.com.br\/site\/wp-content\/uploads\/2026\/09\/Captura-de-tela_1-9-2026_91346_www.instagram.com_.jpeg\" \/>\n\t<meta property=\"og:image:width\" content=\"445\" \/>\n\t<meta property=\"og:image:height\" content=\"377\" \/>\n\t<meta property=\"og:image:type\" content=\"image\/jpeg\" \/>\n<meta name=\"author\" content=\"Reda\u00e7\u00e3o\" \/>\n<meta name=\"twitter:card\" content=\"summary_large_image\" \/>\n<meta name=\"twitter:label1\" content=\"Escrito por\" \/>\n\t<meta name=\"twitter:data1\" content=\"Reda\u00e7\u00e3o\" \/>\n\t<meta name=\"twitter:label2\" content=\"Est. tempo de leitura\" \/>\n\t<meta name=\"twitter:data2\" content=\"2 minutos\" \/>\n<script type=\"application\/ld+json\" class=\"yoast-schema-graph\">{\"@context\":\"https:\\\/\\\/schema.org\",\"@graph\":[{\"@type\":\"Article\",\"@id\":\"https:\\\/\\\/www.gazetaitauna.com.br\\\/site\\\/em-bilhete-menina-de-10-anos-conta-para-a-mae-que-vinha-sendo-abusada-pelo-padrasto-em-minas\\\/#article\",\"isPartOf\":{\"@id\":\"https:\\\/\\\/www.gazetaitauna.com.br\\\/site\\\/em-bilhete-menina-de-10-anos-conta-para-a-mae-que-vinha-sendo-abusada-pelo-padrasto-em-minas\\\/\"},\"author\":{\"name\":\"Reda\u00e7\u00e3o\",\"@id\":\"https:\\\/\\\/www.gazetaitauna.com.br\\\/site\\\/#\\\/schema\\\/person\\\/83fac651809e5dec9550ff5ced432d71\"},\"headline\":\"Em bilhete, menina de 10 anos conta para a m\u00e3e que vinha sendo abusada pelo padrasto em Minas\",\"datePublished\":\"2026-09-01T12:15:41+00:00\",\"dateModified\":\"2026-09-01T12:15:42+00:00\",\"mainEntityOfPage\":{\"@id\":\"https:\\\/\\\/www.gazetaitauna.com.br\\\/site\\\/em-bilhete-menina-de-10-anos-conta-para-a-mae-que-vinha-sendo-abusada-pelo-padrasto-em-minas\\\/\"},\"wordCount\":359,\"commentCount\":0,\"publisher\":{\"@id\":\"https:\\\/\\\/www.gazetaitauna.com.br\\\/site\\\/#organization\"},\"image\":{\"@id\":\"https:\\\/\\\/www.gazetaitauna.com.br\\\/site\\\/em-bilhete-menina-de-10-anos-conta-para-a-mae-que-vinha-sendo-abusada-pelo-padrasto-em-minas\\\/#primaryimage\"},\"thumbnailUrl\":\"https:\\\/\\\/www.gazetaitauna.com.br\\\/site\\\/wp-content\\\/uploads\\\/2026\\\/09\\\/Captura-de-tela_1-9-2026_91346_www.instagram.com_.jpeg\",\"keywords\":[\"Gazeta Ita\u00fana\",\"Ita\u00fana\\\/MG\"],\"articleSection\":[\"Pol\u00edcia\"],\"inLanguage\":\"pt-BR\",\"potentialAction\":[{\"@type\":\"CommentAction\",\"name\":\"Comment\",\"target\":[\"https:\\\/\\\/www.gazetaitauna.com.br\\\/site\\\/em-bilhete-menina-de-10-anos-conta-para-a-mae-que-vinha-sendo-abusada-pelo-padrasto-em-minas\\\/#respond\"]}]},{\"@type\":\"WebPage\",\"@id\":\"https:\\\/\\\/www.gazetaitauna.com.br\\\/site\\\/em-bilhete-menina-de-10-anos-conta-para-a-mae-que-vinha-sendo-abusada-pelo-padrasto-em-minas\\\/\",\"url\":\"https:\\\/\\\/www.gazetaitauna.com.br\\\/site\\\/em-bilhete-menina-de-10-anos-conta-para-a-mae-que-vinha-sendo-abusada-pelo-padrasto-em-minas\\\/\",\"name\":\"Em bilhete, menina de 10 anos conta para a m\u00e3e que vinha sendo abusada pelo padrasto em Minas - Gazeta Ita\u00fana\",\"isPartOf\":{\"@id\":\"https:\\\/\\\/www.gazetaitauna.com.br\\\/site\\\/#website\"},\"primaryImageOfPage\":{\"@id\":\"https:\\\/\\\/www.gazetaitauna.com.br\\\/site\\\/em-bilhete-menina-de-10-anos-conta-para-a-mae-que-vinha-sendo-abusada-pelo-padrasto-em-minas\\\/#primaryimage\"},\"image\":{\"@id\":\"https:\\\/\\\/www.gazetaitauna.com.br\\\/site\\\/em-bilhete-menina-de-10-anos-conta-para-a-mae-que-vinha-sendo-abusada-pelo-padrasto-em-minas\\\/#primaryimage\"},\"thumbnailUrl\":\"https:\\\/\\\/www.gazetaitauna.com.br\\\/site\\\/wp-content\\\/uploads\\\/2026\\\/09\\\/Captura-de-tela_1-9-2026_91346_www.instagram.com_.jpeg\",\"datePublished\":\"2026-09-01T12:15:41+00:00\",\"dateModified\":\"2026-09-01T12:15:42+00:00\",\"breadcrumb\":{\"@id\":\"https:\\\/\\\/www.gazetaitauna.com.br\\\/site\\\/em-bilhete-menina-de-10-anos-conta-para-a-mae-que-vinha-sendo-abusada-pelo-padrasto-em-minas\\\/#breadcrumb\"},\"inLanguage\":\"pt-BR\",\"potentialAction\":[{\"@type\":\"ReadAction\",\"target\":[\"https:\\\/\\\/www.gazetaitauna.com.br\\\/site\\\/em-bilhete-menina-de-10-anos-conta-para-a-mae-que-vinha-sendo-abusada-pelo-padrasto-em-minas\\\/\"]}]},{\"@type\":\"ImageObject\",\"inLanguage\":\"pt-BR\",\"@id\":\"https:\\\/\\\/www.gazetaitauna.com.br\\\/site\\\/em-bilhete-menina-de-10-anos-conta-para-a-mae-que-vinha-sendo-abusada-pelo-padrasto-em-minas\\\/#primaryimage\",\"url\":\"https:\\\/\\\/www.gazetaitauna.com.br\\\/site\\\/wp-content\\\/uploads\\\/2026\\\/09\\\/Captura-de-tela_1-9-2026_91346_www.instagram.com_.jpeg\",\"contentUrl\":\"https:\\\/\\\/www.gazetaitauna.com.br\\\/site\\\/wp-content\\\/uploads\\\/2026\\\/09\\\/Captura-de-tela_1-9-2026_91346_www.instagram.com_.jpeg\",\"width\":445,\"height\":377},{\"@type\":\"BreadcrumbList\",\"@id\":\"https:\\\/\\\/www.gazetaitauna.com.br\\\/site\\\/em-bilhete-menina-de-10-anos-conta-para-a-mae-que-vinha-sendo-abusada-pelo-padrasto-em-minas\\\/#breadcrumb\",\"itemListElement\":[{\"@type\":\"ListItem\",\"position\":1,\"name\":\"In\u00edcio\",\"item\":\"https:\\\/\\\/www.gazetaitauna.com.br\\\/site\\\/\"},{\"@type\":\"ListItem\",\"position\":2,\"name\":\"Em bilhete, menina de 10 anos conta para a m\u00e3e que vinha sendo abusada pelo padrasto em Minas\"}]},{\"@type\":\"WebSite\",\"@id\":\"https:\\\/\\\/www.gazetaitauna.com.br\\\/site\\\/#website\",\"url\":\"https:\\\/\\\/www.gazetaitauna.com.br\\\/site\\\/\",\"name\":\"Gazeta de Ita\u00fana\",\"description\":\"Jornal Ita\u00fana MG\",\"publisher\":{\"@id\":\"https:\\\/\\\/www.gazetaitauna.com.br\\\/site\\\/#organization\"},\"potentialAction\":[{\"@type\":\"SearchAction\",\"target\":{\"@type\":\"EntryPoint\",\"urlTemplate\":\"https:\\\/\\\/www.gazetaitauna.com.br\\\/site\\\/?s={search_term_string}\"},\"query-input\":{\"@type\":\"PropertyValueSpecification\",\"valueRequired\":true,\"valueName\":\"search_term_string\"}}],\"inLanguage\":\"pt-BR\"},{\"@type\":\"Organization\",\"@id\":\"https:\\\/\\\/www.gazetaitauna.com.br\\\/site\\\/#organization\",\"name\":\"Gazeta de Ita\u00fana\",\"url\":\"https:\\\/\\\/www.gazetaitauna.com.br\\\/site\\\/\",\"logo\":{\"@type\":\"ImageObject\",\"inLanguage\":\"pt-BR\",\"@id\":\"https:\\\/\\\/www.gazetaitauna.com.br\\\/site\\\/#\\\/schema\\\/logo\\\/image\\\/\",\"url\":\"https:\\\/\\\/www.gazetaitauna.com.br\\\/site\\\/wp-content\\\/uploads\\\/2020\\\/07\\\/gazeta-icone.png\",\"contentUrl\":\"https:\\\/\\\/www.gazetaitauna.com.br\\\/site\\\/wp-content\\\/uploads\\\/2020\\\/07\\\/gazeta-icone.png\",\"width\":592,\"height\":420,\"caption\":\"Gazeta de Ita\u00fana\"},\"image\":{\"@id\":\"https:\\\/\\\/www.gazetaitauna.com.br\\\/site\\\/#\\\/schema\\\/logo\\\/image\\\/\"},\"sameAs\":[\"https:\\\/\\\/www.facebook.com\\\/gazetadeitauna\",\"https:\\\/\\\/www.instagram.com\\\/gazetadeitauna\"]},{\"@type\":\"Person\",\"@id\":\"https:\\\/\\\/www.gazetaitauna.com.br\\\/site\\\/#\\\/schema\\\/person\\\/83fac651809e5dec9550ff5ced432d71\",\"name\":\"Reda\u00e7\u00e3o\",\"image\":{\"@type\":\"ImageObject\",\"inLanguage\":\"pt-BR\",\"@id\":\"https:\\\/\\\/www.gazetaitauna.com.br\\\/site\\\/wp-content\\\/uploads\\\/2020\\\/07\\\/reda\u00e7\u00e3o-1-150x150.png\",\"url\":\"https:\\\/\\\/www.gazetaitauna.com.br\\\/site\\\/wp-content\\\/uploads\\\/2020\\\/07\\\/reda\u00e7\u00e3o-1-150x150.png\",\"contentUrl\":\"https:\\\/\\\/www.gazetaitauna.com.br\\\/site\\\/wp-content\\\/uploads\\\/2020\\\/07\\\/reda\u00e7\u00e3o-1-150x150.png\",\"caption\":\"Reda\u00e7\u00e3o\"},\"url\":\"https:\\\/\\\/www.gazetaitauna.com.br\\\/site\\\/author\\\/redacao\\\/\"}]}<\/script>\n<!-- \/ Yoast SEO plugin. -->","yoast_head_json":{"title":"Em bilhete, menina de 10 anos conta para a m\u00e3e que vinha sendo abusada pelo padrasto em Minas - Gazeta Ita\u00fana","robots":{"index":"index","follow":"follow","max-snippet":"max-snippet:-1","max-image-preview":"max-image-preview:large","max-video-preview":"max-video-preview:-1"},"canonical":"https:\/\/www.gazetaitauna.com.br\/site\/em-bilhete-menina-de-10-anos-conta-para-a-mae-que-vinha-sendo-abusada-pelo-padrasto-em-minas\/","og_locale":"pt_BR","og_type":"article","og_title":"Em bilhete, menina de 10 anos conta para a m\u00e3e que vinha sendo abusada pelo padrasto em Minas - Gazeta Ita\u00fana","og_description":"Um homem de 31 anos foi preso em Santa Luzia, denunciado por uma crian\u00e7a de","og_url":"https:\/\/www.gazetaitauna.com.br\/site\/em-bilhete-menina-de-10-anos-conta-para-a-mae-que-vinha-sendo-abusada-pelo-padrasto-em-minas\/","og_site_name":"Gazeta Ita\u00fana","article_publisher":"https:\/\/www.facebook.com\/gazetadeitauna","article_published_time":"2026-09-01T12:15:41+00:00","article_modified_time":"2026-09-01T12:15:42+00:00","og_image":[{"width":445,"height":377,"url":"https:\/\/www.gazetaitauna.com.br\/site\/wp-content\/uploads\/2026\/09\/Captura-de-tela_1-9-2026_91346_www.instagram.com_.jpeg","type":"image\/jpeg"}],"author":"Reda\u00e7\u00e3o","twitter_card":"summary_large_image","twitter_misc":{"Escrito por":"Reda\u00e7\u00e3o","Est. tempo de leitura":"2 minutos"},"schema":{"@context":"https:\/\/schema.org","@graph":[{"@type":"Article","@id":"https:\/\/www.gazetaitauna.com.br\/site\/em-bilhete-menina-de-10-anos-conta-para-a-mae-que-vinha-sendo-abusada-pelo-padrasto-em-minas\/#article","isPartOf":{"@id":"https:\/\/www.gazetaitauna.com.br\/site\/em-bilhete-menina-de-10-anos-conta-para-a-mae-que-vinha-sendo-abusada-pelo-padrasto-em-minas\/"},"author":{"name":"Reda\u00e7\u00e3o","@id":"https:\/\/www.gazetaitauna.com.br\/site\/#\/schema\/person\/83fac651809e5dec9550ff5ced432d71"},"headline":"Em bilhete, menina de 10 anos conta para a m\u00e3e que vinha sendo abusada pelo padrasto em Minas","datePublished":"2026-09-01T12:15:41+00:00","dateModified":"2026-09-01T12:15:42+00:00","mainEntityOfPage":{"@id":"https:\/\/www.gazetaitauna.com.br\/site\/em-bilhete-menina-de-10-anos-conta-para-a-mae-que-vinha-sendo-abusada-pelo-padrasto-em-minas\/"},"wordCount":359,"commentCount":0,"publisher":{"@id":"https:\/\/www.gazetaitauna.com.br\/site\/#organization"},"image":{"@id":"https:\/\/www.gazetaitauna.com.br\/site\/em-bilhete-menina-de-10-anos-conta-para-a-mae-que-vinha-sendo-abusada-pelo-padrasto-em-minas\/#primaryimage"},"thumbnailUrl":"https:\/\/www.gazetaitauna.com.br\/site\/wp-content\/uploads\/2026\/09\/Captura-de-tela_1-9-2026_91346_www.instagram.com_.jpeg","keywords":["Gazeta Ita\u00fana","Ita\u00fana\/MG"],"articleSection":["Pol\u00edcia"],"inLanguage":"pt-BR","potentialAction":[{"@type":"CommentAction","name":"Comment","target":["https:\/\/www.gazetaitauna.com.br\/site\/em-bilhete-menina-de-10-anos-conta-para-a-mae-que-vinha-sendo-abusada-pelo-padrasto-em-minas\/#respond"]}]},{"@type":"WebPage","@id":"https:\/\/www.gazetaitauna.com.br\/site\/em-bilhete-menina-de-10-anos-conta-para-a-mae-que-vinha-sendo-abusada-pelo-padrasto-em-minas\/","url":"https:\/\/www.gazetaitauna.com.br\/site\/em-bilhete-menina-de-10-anos-conta-para-a-mae-que-vinha-sendo-abusada-pelo-padrasto-em-minas\/","name":"Em bilhete, menina de 10 anos conta para a m\u00e3e que vinha sendo abusada pelo padrasto em Minas - Gazeta Ita\u00fana","isPartOf":{"@id":"https:\/\/www.gazetaitauna.com.br\/site\/#website"},"primaryImageOfPage":{"@id":"https:\/\/www.gazetaitauna.com.br\/site\/em-bilhete-menina-de-10-anos-conta-para-a-mae-que-vinha-sendo-abusada-pelo-padrasto-em-minas\/#primaryimage"},"image":{"@id":"https:\/\/www.gazetaitauna.com.br\/site\/em-bilhete-menina-de-10-anos-conta-para-a-mae-que-vinha-sendo-abusada-pelo-padrasto-em-minas\/#primaryimage"},"thumbnailUrl":"https:\/\/www.gazetaitauna.com.br\/site\/wp-content\/uploads\/2026\/09\/Captura-de-tela_1-9-2026_91346_www.instagram.com_.jpeg","datePublished":"2026-09-01T12:15:41+00:00","dateModified":"2026-09-01T12:15:42+00:00","breadcrumb":{"@id":"https:\/\/www.gazetaitauna.com.br\/site\/em-bilhete-menina-de-10-anos-conta-para-a-mae-que-vinha-sendo-abusada-pelo-padrasto-em-minas\/#breadcrumb"},"inLanguage":"pt-BR","potentialAction":[{"@type":"ReadAction","target":["https:\/\/www.gazetaitauna.com.br\/site\/em-bilhete-menina-de-10-anos-conta-para-a-mae-que-vinha-sendo-abusada-pelo-padrasto-em-minas\/"]}]},{"@type":"ImageObject","inLanguage":"pt-BR","@id":"https:\/\/www.gazetaitauna.com.br\/site\/em-bilhete-menina-de-10-anos-conta-para-a-mae-que-vinha-sendo-abusada-pelo-padrasto-em-minas\/#primaryimage","url":"https:\/\/www.gazetaitauna.com.br\/site\/wp-content\/uploads\/2026\/09\/Captura-de-tela_1-9-2026_91346_www.instagram.com_.jpeg","contentUrl":"https:\/\/www.gazetaitauna.com.br\/site\/wp-content\/uploads\/2026\/09\/Captura-de-tela_1-9-2026_91346_www.instagram.com_.jpeg","width":445,"height":377},{"@type":"BreadcrumbList","@id":"https:\/\/www.gazetaitauna.com.br\/site\/em-bilhete-menina-de-10-anos-conta-para-a-mae-que-vinha-sendo-abusada-pelo-padrasto-em-minas\/#breadcrumb","itemListElement":[{"@type":"ListItem","position":1,"name":"In\u00edcio","item":"https:\/\/www.gazetaitauna.com.br\/site\/"},{"@type":"ListItem","position":2,"name":"Em bilhete, menina de 10 anos conta para a m\u00e3e que vinha sendo abusada pelo padrasto em Minas"}]},{"@type":"WebSite","@id":"https:\/\/www.gazetaitauna.com.br\/site\/#website","url":"https:\/\/www.gazetaitauna.com.br\/site\/","name":"Gazeta de Ita\u00fana","description":"Jornal Ita\u00fana MG","publisher":{"@id":"https:\/\/www.gazetaitauna.com.br\/site\/#organization"},"potentialAction":[{"@type":"SearchAction","target":{"@type":"EntryPoint","urlTemplate":"https:\/\/www.gazetaitauna.com.br\/site\/?s={search_term_string}"},"query-input":{"@type":"PropertyValueSpecification","valueRequired":true,"valueName":"search_term_string"}}],"inLanguage":"pt-BR"},{"@type":"Organization","@id":"https:\/\/www.gazetaitauna.com.br\/site\/#organization","name":"Gazeta de Ita\u00fana","url":"https:\/\/www.gazetaitauna.com.br\/site\/","logo":{"@type":"ImageObject","inLanguage":"pt-BR","@id":"https:\/\/www.gazetaitauna.com.br\/site\/#\/schema\/logo\/image\/","url":"https:\/\/www.gazetaitauna.com.br\/site\/wp-content\/uploads\/2020\/07\/gazeta-icone.png","contentUrl":"https:\/\/www.gazetaitauna.com.br\/site\/wp-content\/uploads\/2020\/07\/gazeta-icone.png","width":592,"height":420,"caption":"Gazeta de Ita\u00fana"},"image":{"@id":"https:\/\/www.gazetaitauna.com.br\/site\/#\/schema\/logo\/image\/"},"sameAs":["https:\/\/www.facebook.com\/gazetadeitauna","https:\/\/www.instagram.com\/gazetadeitauna"]},{"@type":"Person","@id":"https:\/\/www.gazetaitauna.com.br\/site\/#\/schema\/person\/83fac651809e5dec9550ff5ced432d71","name":"Reda\u00e7\u00e3o","image":{"@type":"ImageObject","inLanguage":"pt-BR","@id":"https:\/\/www.gazetaitauna.com.br\/site\/wp-content\/uploads\/2020\/07\/reda\u00e7\u00e3o-1-150x150.png","url":"https:\/\/www.gazetaitauna.com.br\/site\/wp-content\/uploads\/2020\/07\/reda\u00e7\u00e3o-1-150x150.png","contentUrl":"https:\/\/www.gazetaitauna.com.br\/site\/wp-content\/uploads\/2020\/07\/reda\u00e7\u00e3o-1-150x150.png","caption":"Reda\u00e7\u00e3o"},"url":"https:\/\/www.gazetaitauna.com.br\/site\/author\/redacao\/"}]}},"jetpack_featured_media_url":"https:\/\/www.gazetaitauna.com.br\/site\/wp-content\/uploads\/2026\/09\/Captura-de-tela_1-9-2026_91346_www.instagram.com_.jpeg","jetpack_sharing_enabled":true,"_links":{"self":[{"href":"https:\/\/www.gazetaitauna.com.br\/site\/wp-json\/wp\/v2\/posts\/38352","targetHints":{"allow":["GET"]}}],"collection":[{"href":"https:\/\/www.gazetaitauna.com.br\/site\/wp-json\/wp\/v2\/posts"}],"about":[{"href":"https:\/\/www.gazetaitauna.com.br\/site\/wp-json\/wp\/v2\/types\/post"}],"author":[{"embeddable":true,"href":"https:\/\/www.gazetaitauna.com.br\/site\/wp-json\/wp\/v2\/users\/2"}],"replies":[{"embeddable":true,"href":"https:\/\/www.gazetaitauna.com.br\/site\/wp-json\/wp\/v2\/comments?post=38352"}],"version-history":[{"count":1,"href":"https:\/\/www.gazetaitauna.com.br\/site\/wp-json\/wp\/v2\/posts\/38352\/revisions"}],"predecessor-version":[{"id":38354,"href":"https:\/\/www.gazetaitauna.com.br\/site\/wp-json\/wp\/v2\/posts\/38352\/revisions\/38354"}],"wp:featuredmedia":[{"embeddable":true,"href":"https:\/\/www.gazetaitauna.com.br\/site\/wp-json\/wp\/v2\/media\/38353"}],"wp:attachment":[{"href":"https:\/\/www.gazetaitauna.com.br\/site\/wp-json\/wp\/v2\/media?parent=38352"}],"wp:term":[{"taxonomy":"category","embeddable":true,"href":"https:\/\/www.gazetaitauna.com.br\/site\/wp-json\/wp\/v2\/categories?post=38352"},{"taxonomy":"post_tag","embeddable":true,"href":"https:\/\/www.gazetaitauna.com.br\/site\/wp-json\/wp\/v2\/tags?post=38352"}],"curies":[{"name":"wp","href":"https:\/\/api.w.org\/{rel}","templated":true}]}}