{"id":38347,"date":"2026-08-31T12:46:00","date_gmt":"2026-08-31T15:46:00","guid":{"rendered":"https:\/\/www.gazetaitauna.com.br\/site\/?p=38347"},"modified":"2026-09-01T10:53:28","modified_gmt":"2026-09-01T13:53:28","slug":"cartorio-eleitoral-em-itauna-comunica-mudanca-de-quatro-secoes-eleitorais","status":"publish","type":"post","link":"https:\/\/www.gazetaitauna.com.br\/site\/cartorio-eleitoral-em-itauna-comunica-mudanca-de-quatro-secoes-eleitorais\/","title":{"rendered":"Cart\u00f3rio Eleitoral em Ita\u00fana comunica mudan\u00e7a de quatro se\u00e7\u00f5es eleitorais"},"content":{"rendered":"\n<p class=\"wp-block-paragraph\">A 140\u00aa Zona Eleitoral de Ita\u00fana\/MG comunica aos eleitores que as se\u00e7\u00f5es eleitorais n\u00bas 67, 69 e 71, que tradicionalmente eram instaladas no Campus Vermelho da Universidade de Ita\u00fana funcionar\u00e3o, excepcionalmente, nas Elei\u00e7\u00f5es de 2026, no Pr\u00e9-Escolar Ana Cintra, localizado na Rua Newton Penido, n\u00ba 134, esquina com a Rua Bonfim, Bairro das Gra\u00e7as.<\/p>\n\n\n\n<p class=\"wp-block-paragraph\">A altera\u00e7\u00e3o foi necess\u00e1ria em raz\u00e3o da instala\u00e7\u00e3o da Secretaria Municipal de Seguran\u00e7a P\u00fablica no local. As se\u00e7\u00f5es eleitorais n\u00ba\u00a0 66,\u00a0 68,\u00a0 70\u00a0 e\u00a0 166 permanecer\u00e3o funcionando normalmente no\u00a0Campus Vermelho.<\/p>\n\n\n\n<p class=\"wp-block-paragraph\">As demais se\u00e7\u00f5es eleitorais que sempre funcionaram no Pr\u00e9-Escolar Ana Cintra continuar\u00e3o funcionando no mesmo local.<\/p>\n\n\n\n<p class=\"wp-block-paragraph\">D\u00favidas, entre em contato com o Cart\u00f3rio Eleitoral pelo telefone 148 (Disque-Eleitor),&nbsp;pelo WhatsApp (37) 9 9100 0019&nbsp; ou pelo e-mail&nbsp;zona140@tre-mg.jus.br.<\/p>\n\n\n\n<p class=\"wp-block-paragraph\"><strong>LOCALIZA\u00c7\u00c3O DAS SE\u00c7\u00d5ES ELEITORAIS NAS ELEI\u00c7\u00d5ES DE 2016:<\/strong><\/p>\n\n\n\n<figure class=\"wp-block-table\"><table class=\"has-fixed-layout\"><tbody><tr><td><strong><br>LOCAL DE VOTA\u00c7\u00c3O<\/strong><br><br><\/td><td><strong>ENDERE\u00c7O<\/strong><\/td><td><strong>SE\u00c7\u00d5ES ELEITORAIS &#8211; 2026<\/strong><\/td><\/tr><tr><td>Pr\u00e9-Escolar Municipal Ana Cintra<\/td><td>Rua Newton Penido N\u00ba 134 &#8211;&nbsp;Gra\u00e7as(esquina com Rua Bonfim)<\/td><td><strong><br><\/strong><strong>64,&nbsp; 65,&nbsp; 67,&nbsp; 69,&nbsp; 71,&nbsp; 203&nbsp; e&nbsp; 227<\/strong><\/td><\/tr><tr><td>UIT &#8211; Universidade Ita\u00fana (Campus Vermelho) &#8211; Atual Secretaria Municipal de Seguran\u00e7a P\u00fablica<br><strong><\/strong><\/td><td>Rua Santana N\u00ba 676 &#8211; Gra\u00e7as<\/td><td><strong>&nbsp;<\/strong><strong>66,&nbsp;&nbsp;68,&nbsp;&nbsp;70,&nbsp;&nbsp;e&nbsp;&nbsp;166<\/strong><\/td><\/tr><\/tbody><\/table><\/figure>\n\n\n\n<p class=\"wp-block-paragraph\"><\/p>\n\n\n\n<p class=\"wp-block-paragraph\"><strong>ATEN\u00c7\u00c3O ELEITOR:<\/strong><\/p>\n\n\n\n<ol class=\"wp-block-list\">\n<li>VEJA SUA SITUA\u00c7\u00c3O ELEITORAL: Veja sua situa\u00e7\u00e3o eleitoral e imprima a 2\u00aa via do t\u00edtulo e certid\u00f5es eleitorais em:&nbsp;https:\/\/www.tse.jus.br\/eleitor\/autoatendimento-do-eleitor\/#\/<\/li>\n\n\n\n<li>IMPRIMA SEU T\u00cdTULO EM CASA:&nbsp;O novo formato do t\u00edtulo de eleitor possui autentica\u00e7\u00e3o por QR-Code,&nbsp; <\/li>\n\n\n\n<li>que pode ser gerado no aplicativo e-T\u00edtulo ou impresso em papel comum em sua casa. Imprima aqui:&nbsp;https:\/\/www.tse.jus.br\/servicos-eleitorais\/autoatendimento-eleitoral#\/atendimento-eleitor<\/li>\n\n\n\n<li>SERVI\u00c7OS PELO APLICATIVO: Caso deseje, baixe o&nbsp;aplicativo e-T\u00edtulo&nbsp;em seu celular, por meio do qual \u00e9 poss\u00edvel acessar seus dados eleitorais, gerar certid\u00f5es, justificar aus\u00eancia \u00e0s vota\u00e7\u00f5es, gerar seu t\u00edtulo de eleitor eletr\u00f4nico e ter acesso a outros servi\u00e7os relacionados;<\/li>\n\n\n\n<li>PARA SE JUSTIFICAR, CASO N\u00c3O VOTE: Caso n\u00e3o possa votar, justifique-se no dia das elei\u00e7\u00f5es pelo aplicativo e-T\u00edtulo. Ap\u00f3s as elei\u00e7\u00f5es, justifique-se no cart\u00f3rio eleitoral ou pela internet, na p\u00e1gina do TSE (aten\u00e7\u00e3o &#8211; prazo de 60 dias):<\/li>\n<\/ol>\n\n\n\n<ol start=\"5\" class=\"wp-block-list\">\n<li>JUSTIFIQUE-SE NO DIA DAS ELEI\u00c7\u00d5ES PELO APLICATIVO: \u00c9 mais f\u00e1cil justificar-se no dia das elei\u00e7\u00f5es, pelo&nbsp;aplicativo e-T\u00edtulo&nbsp;ou em qualquer se\u00e7\u00e3o eleitoral do pa\u00eds. Para se justificar depois das elei\u00e7\u00f5es \u00e9 preciso acessar a internet ou comparecer a um cart\u00f3rio eleitoral. Al\u00e9m disso, ap\u00f3s as elei\u00e7\u00f5es, ser\u00e1 preciso informar e comprovar um motivo v\u00e1lido pelo qual voc\u00ea n\u00e3o votou;<\/li>\n\n\n\n<li>MULTA ELEITORAL: Caso n\u00e3o seja poss\u00edvel comprovar o motivo pelo qual voc\u00ea n\u00e3o votou ou caso tenha perdido o prazo de 60 dias para se justificar, basta quitar a multa eleitoral no valor de R$3,51 (para cada vez que n\u00e3o votou) no Banco do Brasil ou pelo PIX. Gere a guia aqui:<\/li>\n<\/ol>\n\n\n\n<ol start=\"7\" class=\"wp-block-list\">\n<li>BIOMETRIA: O recadastramento biom\u00e9trico est\u00e1 suspenso at\u00e9 novembro de 2026&nbsp;&#8211; alguns eleitores foram recadastrados automaticamente, por meio de dados provenientes do DETRAN (CNH), da Secretaria de Seguran\u00e7a P\u00fablica (RG) ou de outros \u00f3rg\u00e3os conveniados;<\/li>\n\n\n\n<li>PARA SER MES\u00c1RIO: Envie um e-mail para seu cart\u00f3rio eleitoral. Em Ita\u00fana e Itatiaiu\u00e7u, envie para:&nbsp;zona140@tre-mg.jus.br<\/li>\n<\/ol>\n","protected":false},"excerpt":{"rendered":"<p>A 140\u00aa Zona Eleitoral de Ita\u00fana\/MG comunica aos eleitores que as se\u00e7\u00f5es eleitorais n\u00bas 67,<\/p>\n","protected":false},"author":2,"featured_media":38348,"comment_status":"open","ping_status":"open","sticky":false,"template":"","format":"standard","meta":{"_jetpack_newsletter_access":"","_jetpack_dont_email_post_to_subs":false,"_jetpack_newsletter_tier_id":0,"_jetpack_memberships_contains_paywalled_content":false,"_jetpack_feature_clip_id":0,"_jetpack_memberships_contains_paid_content":false,"footnotes":"","jetpack_post_was_ever_published":false},"categories":[295],"tags":[826,3136],"class_list":["post-38347","post","type-post","status-publish","format-standard","has-post-thumbnail","hentry","category-itauna","tag-gazeta-itauna-2","tag-itauna-mg-2"],"yoast_head":"<!-- This site is optimized with the Yoast SEO plugin v28.1 - https:\/\/yoast.com\/product\/yoast-seo-wordpress\/ -->\n<title>Cart\u00f3rio Eleitoral em Ita\u00fana comunica mudan\u00e7a de quatro se\u00e7\u00f5es eleitorais - Gazeta Ita\u00fana<\/title>\n<meta name=\"robots\" content=\"index, follow, max-snippet:-1, max-image-preview:large, max-video-preview:-1\" \/>\n<link rel=\"canonical\" href=\"https:\/\/www.gazetaitauna.com.br\/site\/cartorio-eleitoral-em-itauna-comunica-mudanca-de-quatro-secoes-eleitorais\/\" \/>\n<meta property=\"og:locale\" content=\"pt_BR\" \/>\n<meta property=\"og:type\" content=\"article\" \/>\n<meta property=\"og:title\" content=\"Cart\u00f3rio Eleitoral em Ita\u00fana comunica mudan\u00e7a de quatro se\u00e7\u00f5es eleitorais - Gazeta Ita\u00fana\" \/>\n<meta property=\"og:description\" content=\"A 140\u00aa Zona Eleitoral de Ita\u00fana\/MG comunica aos eleitores que as se\u00e7\u00f5es eleitorais n\u00bas 67,\" \/>\n<meta property=\"og:url\" content=\"https:\/\/www.gazetaitauna.com.br\/site\/cartorio-eleitoral-em-itauna-comunica-mudanca-de-quatro-secoes-eleitorais\/\" \/>\n<meta property=\"og:site_name\" content=\"Gazeta Ita\u00fana\" \/>\n<meta property=\"article:publisher\" content=\"https:\/\/www.facebook.com\/gazetadeitauna\" \/>\n<meta property=\"article:published_time\" content=\"2026-08-31T15:46:00+00:00\" \/>\n<meta property=\"article:modified_time\" content=\"2026-09-01T13:53:28+00:00\" \/>\n<meta property=\"og:image\" content=\"https:\/\/www.gazetaitauna.com.br\/site\/wp-content\/uploads\/2026\/08\/50428342158_f2a907cdc2_k-1024x683-1.jpg\" \/>\n\t<meta property=\"og:image:width\" content=\"1024\" \/>\n\t<meta property=\"og:image:height\" content=\"683\" \/>\n\t<meta property=\"og:image:type\" content=\"image\/jpeg\" \/>\n<meta name=\"author\" content=\"Reda\u00e7\u00e3o\" \/>\n<meta name=\"twitter:card\" content=\"summary_large_image\" \/>\n<meta name=\"twitter:label1\" content=\"Escrito por\" \/>\n\t<meta name=\"twitter:data1\" content=\"Reda\u00e7\u00e3o\" \/>\n\t<meta name=\"twitter:label2\" content=\"Est. tempo de leitura\" \/>\n\t<meta name=\"twitter:data2\" content=\"3 minutos\" \/>\n<script type=\"application\/ld+json\" class=\"yoast-schema-graph\">{\"@context\":\"https:\\\/\\\/schema.org\",\"@graph\":[{\"@type\":\"Article\",\"@id\":\"https:\\\/\\\/www.gazetaitauna.com.br\\\/site\\\/cartorio-eleitoral-em-itauna-comunica-mudanca-de-quatro-secoes-eleitorais\\\/#article\",\"isPartOf\":{\"@id\":\"https:\\\/\\\/www.gazetaitauna.com.br\\\/site\\\/cartorio-eleitoral-em-itauna-comunica-mudanca-de-quatro-secoes-eleitorais\\\/\"},\"author\":{\"name\":\"Reda\u00e7\u00e3o\",\"@id\":\"https:\\\/\\\/www.gazetaitauna.com.br\\\/site\\\/#\\\/schema\\\/person\\\/83fac651809e5dec9550ff5ced432d71\"},\"headline\":\"Cart\u00f3rio Eleitoral em Ita\u00fana comunica mudan\u00e7a de quatro se\u00e7\u00f5es eleitorais\",\"datePublished\":\"2026-08-31T15:46:00+00:00\",\"dateModified\":\"2026-09-01T13:53:28+00:00\",\"mainEntityOfPage\":{\"@id\":\"https:\\\/\\\/www.gazetaitauna.com.br\\\/site\\\/cartorio-eleitoral-em-itauna-comunica-mudanca-de-quatro-secoes-eleitorais\\\/\"},\"wordCount\":597,\"commentCount\":0,\"publisher\":{\"@id\":\"https:\\\/\\\/www.gazetaitauna.com.br\\\/site\\\/#organization\"},\"image\":{\"@id\":\"https:\\\/\\\/www.gazetaitauna.com.br\\\/site\\\/cartorio-eleitoral-em-itauna-comunica-mudanca-de-quatro-secoes-eleitorais\\\/#primaryimage\"},\"thumbnailUrl\":\"https:\\\/\\\/www.gazetaitauna.com.br\\\/site\\\/wp-content\\\/uploads\\\/2026\\\/08\\\/50428342158_f2a907cdc2_k-1024x683-1.jpg\",\"keywords\":[\"Gazeta Ita\u00fana\",\"Ita\u00fana\\\/MG\"],\"articleSection\":[\"Ita\u00fana\"],\"inLanguage\":\"pt-BR\",\"potentialAction\":[{\"@type\":\"CommentAction\",\"name\":\"Comment\",\"target\":[\"https:\\\/\\\/www.gazetaitauna.com.br\\\/site\\\/cartorio-eleitoral-em-itauna-comunica-mudanca-de-quatro-secoes-eleitorais\\\/#respond\"]}]},{\"@type\":\"WebPage\",\"@id\":\"https:\\\/\\\/www.gazetaitauna.com.br\\\/site\\\/cartorio-eleitoral-em-itauna-comunica-mudanca-de-quatro-secoes-eleitorais\\\/\",\"url\":\"https:\\\/\\\/www.gazetaitauna.com.br\\\/site\\\/cartorio-eleitoral-em-itauna-comunica-mudanca-de-quatro-secoes-eleitorais\\\/\",\"name\":\"Cart\u00f3rio Eleitoral em Ita\u00fana comunica mudan\u00e7a de quatro se\u00e7\u00f5es eleitorais - Gazeta Ita\u00fana\",\"isPartOf\":{\"@id\":\"https:\\\/\\\/www.gazetaitauna.com.br\\\/site\\\/#website\"},\"primaryImageOfPage\":{\"@id\":\"https:\\\/\\\/www.gazetaitauna.com.br\\\/site\\\/cartorio-eleitoral-em-itauna-comunica-mudanca-de-quatro-secoes-eleitorais\\\/#primaryimage\"},\"image\":{\"@id\":\"https:\\\/\\\/www.gazetaitauna.com.br\\\/site\\\/cartorio-eleitoral-em-itauna-comunica-mudanca-de-quatro-secoes-eleitorais\\\/#primaryimage\"},\"thumbnailUrl\":\"https:\\\/\\\/www.gazetaitauna.com.br\\\/site\\\/wp-content\\\/uploads\\\/2026\\\/08\\\/50428342158_f2a907cdc2_k-1024x683-1.jpg\",\"datePublished\":\"2026-08-31T15:46:00+00:00\",\"dateModified\":\"2026-09-01T13:53:28+00:00\",\"breadcrumb\":{\"@id\":\"https:\\\/\\\/www.gazetaitauna.com.br\\\/site\\\/cartorio-eleitoral-em-itauna-comunica-mudanca-de-quatro-secoes-eleitorais\\\/#breadcrumb\"},\"inLanguage\":\"pt-BR\",\"potentialAction\":[{\"@type\":\"ReadAction\",\"target\":[\"https:\\\/\\\/www.gazetaitauna.com.br\\\/site\\\/cartorio-eleitoral-em-itauna-comunica-mudanca-de-quatro-secoes-eleitorais\\\/\"]}]},{\"@type\":\"ImageObject\",\"inLanguage\":\"pt-BR\",\"@id\":\"https:\\\/\\\/www.gazetaitauna.com.br\\\/site\\\/cartorio-eleitoral-em-itauna-comunica-mudanca-de-quatro-secoes-eleitorais\\\/#primaryimage\",\"url\":\"https:\\\/\\\/www.gazetaitauna.com.br\\\/site\\\/wp-content\\\/uploads\\\/2026\\\/08\\\/50428342158_f2a907cdc2_k-1024x683-1.jpg\",\"contentUrl\":\"https:\\\/\\\/www.gazetaitauna.com.br\\\/site\\\/wp-content\\\/uploads\\\/2026\\\/08\\\/50428342158_f2a907cdc2_k-1024x683-1.jpg\",\"width\":1024,\"height\":683},{\"@type\":\"BreadcrumbList\",\"@id\":\"https:\\\/\\\/www.gazetaitauna.com.br\\\/site\\\/cartorio-eleitoral-em-itauna-comunica-mudanca-de-quatro-secoes-eleitorais\\\/#breadcrumb\",\"itemListElement\":[{\"@type\":\"ListItem\",\"position\":1,\"name\":\"In\u00edcio\",\"item\":\"https:\\\/\\\/www.gazetaitauna.com.br\\\/site\\\/\"},{\"@type\":\"ListItem\",\"position\":2,\"name\":\"Cart\u00f3rio Eleitoral em Ita\u00fana comunica mudan\u00e7a de quatro se\u00e7\u00f5es eleitorais\"}]},{\"@type\":\"WebSite\",\"@id\":\"https:\\\/\\\/www.gazetaitauna.com.br\\\/site\\\/#website\",\"url\":\"https:\\\/\\\/www.gazetaitauna.com.br\\\/site\\\/\",\"name\":\"Gazeta de Ita\u00fana\",\"description\":\"Jornal Ita\u00fana MG\",\"publisher\":{\"@id\":\"https:\\\/\\\/www.gazetaitauna.com.br\\\/site\\\/#organization\"},\"potentialAction\":[{\"@type\":\"SearchAction\",\"target\":{\"@type\":\"EntryPoint\",\"urlTemplate\":\"https:\\\/\\\/www.gazetaitauna.com.br\\\/site\\\/?s={search_term_string}\"},\"query-input\":{\"@type\":\"PropertyValueSpecification\",\"valueRequired\":true,\"valueName\":\"search_term_string\"}}],\"inLanguage\":\"pt-BR\"},{\"@type\":\"Organization\",\"@id\":\"https:\\\/\\\/www.gazetaitauna.com.br\\\/site\\\/#organization\",\"name\":\"Gazeta de Ita\u00fana\",\"url\":\"https:\\\/\\\/www.gazetaitauna.com.br\\\/site\\\/\",\"logo\":{\"@type\":\"ImageObject\",\"inLanguage\":\"pt-BR\",\"@id\":\"https:\\\/\\\/www.gazetaitauna.com.br\\\/site\\\/#\\\/schema\\\/logo\\\/image\\\/\",\"url\":\"https:\\\/\\\/www.gazetaitauna.com.br\\\/site\\\/wp-content\\\/uploads\\\/2020\\\/07\\\/gazeta-icone.png\",\"contentUrl\":\"https:\\\/\\\/www.gazetaitauna.com.br\\\/site\\\/wp-content\\\/uploads\\\/2020\\\/07\\\/gazeta-icone.png\",\"width\":592,\"height\":420,\"caption\":\"Gazeta de Ita\u00fana\"},\"image\":{\"@id\":\"https:\\\/\\\/www.gazetaitauna.com.br\\\/site\\\/#\\\/schema\\\/logo\\\/image\\\/\"},\"sameAs\":[\"https:\\\/\\\/www.facebook.com\\\/gazetadeitauna\",\"https:\\\/\\\/www.instagram.com\\\/gazetadeitauna\"]},{\"@type\":\"Person\",\"@id\":\"https:\\\/\\\/www.gazetaitauna.com.br\\\/site\\\/#\\\/schema\\\/person\\\/83fac651809e5dec9550ff5ced432d71\",\"name\":\"Reda\u00e7\u00e3o\",\"image\":{\"@type\":\"ImageObject\",\"inLanguage\":\"pt-BR\",\"@id\":\"https:\\\/\\\/www.gazetaitauna.com.br\\\/site\\\/wp-content\\\/uploads\\\/2020\\\/07\\\/reda\u00e7\u00e3o-1-150x150.png\",\"url\":\"https:\\\/\\\/www.gazetaitauna.com.br\\\/site\\\/wp-content\\\/uploads\\\/2020\\\/07\\\/reda\u00e7\u00e3o-1-150x150.png\",\"contentUrl\":\"https:\\\/\\\/www.gazetaitauna.com.br\\\/site\\\/wp-content\\\/uploads\\\/2020\\\/07\\\/reda\u00e7\u00e3o-1-150x150.png\",\"caption\":\"Reda\u00e7\u00e3o\"},\"url\":\"https:\\\/\\\/www.gazetaitauna.com.br\\\/site\\\/author\\\/redacao\\\/\"}]}<\/script>\n<!-- \/ Yoast SEO plugin. -->","yoast_head_json":{"title":"Cart\u00f3rio Eleitoral em Ita\u00fana comunica mudan\u00e7a de quatro se\u00e7\u00f5es eleitorais - Gazeta Ita\u00fana","robots":{"index":"index","follow":"follow","max-snippet":"max-snippet:-1","max-image-preview":"max-image-preview:large","max-video-preview":"max-video-preview:-1"},"canonical":"https:\/\/www.gazetaitauna.com.br\/site\/cartorio-eleitoral-em-itauna-comunica-mudanca-de-quatro-secoes-eleitorais\/","og_locale":"pt_BR","og_type":"article","og_title":"Cart\u00f3rio Eleitoral em Ita\u00fana comunica mudan\u00e7a de quatro se\u00e7\u00f5es eleitorais - Gazeta Ita\u00fana","og_description":"A 140\u00aa Zona Eleitoral de Ita\u00fana\/MG comunica aos eleitores que as se\u00e7\u00f5es eleitorais n\u00bas 67,","og_url":"https:\/\/www.gazetaitauna.com.br\/site\/cartorio-eleitoral-em-itauna-comunica-mudanca-de-quatro-secoes-eleitorais\/","og_site_name":"Gazeta Ita\u00fana","article_publisher":"https:\/\/www.facebook.com\/gazetadeitauna","article_published_time":"2026-08-31T15:46:00+00:00","article_modified_time":"2026-09-01T13:53:28+00:00","og_image":[{"width":1024,"height":683,"url":"https:\/\/www.gazetaitauna.com.br\/site\/wp-content\/uploads\/2026\/08\/50428342158_f2a907cdc2_k-1024x683-1.jpg","type":"image\/jpeg"}],"author":"Reda\u00e7\u00e3o","twitter_card":"summary_large_image","twitter_misc":{"Escrito por":"Reda\u00e7\u00e3o","Est. tempo de leitura":"3 minutos"},"schema":{"@context":"https:\/\/schema.org","@graph":[{"@type":"Article","@id":"https:\/\/www.gazetaitauna.com.br\/site\/cartorio-eleitoral-em-itauna-comunica-mudanca-de-quatro-secoes-eleitorais\/#article","isPartOf":{"@id":"https:\/\/www.gazetaitauna.com.br\/site\/cartorio-eleitoral-em-itauna-comunica-mudanca-de-quatro-secoes-eleitorais\/"},"author":{"name":"Reda\u00e7\u00e3o","@id":"https:\/\/www.gazetaitauna.com.br\/site\/#\/schema\/person\/83fac651809e5dec9550ff5ced432d71"},"headline":"Cart\u00f3rio Eleitoral em Ita\u00fana comunica mudan\u00e7a de quatro se\u00e7\u00f5es eleitorais","datePublished":"2026-08-31T15:46:00+00:00","dateModified":"2026-09-01T13:53:28+00:00","mainEntityOfPage":{"@id":"https:\/\/www.gazetaitauna.com.br\/site\/cartorio-eleitoral-em-itauna-comunica-mudanca-de-quatro-secoes-eleitorais\/"},"wordCount":597,"commentCount":0,"publisher":{"@id":"https:\/\/www.gazetaitauna.com.br\/site\/#organization"},"image":{"@id":"https:\/\/www.gazetaitauna.com.br\/site\/cartorio-eleitoral-em-itauna-comunica-mudanca-de-quatro-secoes-eleitorais\/#primaryimage"},"thumbnailUrl":"https:\/\/www.gazetaitauna.com.br\/site\/wp-content\/uploads\/2026\/08\/50428342158_f2a907cdc2_k-1024x683-1.jpg","keywords":["Gazeta Ita\u00fana","Ita\u00fana\/MG"],"articleSection":["Ita\u00fana"],"inLanguage":"pt-BR","potentialAction":[{"@type":"CommentAction","name":"Comment","target":["https:\/\/www.gazetaitauna.com.br\/site\/cartorio-eleitoral-em-itauna-comunica-mudanca-de-quatro-secoes-eleitorais\/#respond"]}]},{"@type":"WebPage","@id":"https:\/\/www.gazetaitauna.com.br\/site\/cartorio-eleitoral-em-itauna-comunica-mudanca-de-quatro-secoes-eleitorais\/","url":"https:\/\/www.gazetaitauna.com.br\/site\/cartorio-eleitoral-em-itauna-comunica-mudanca-de-quatro-secoes-eleitorais\/","name":"Cart\u00f3rio Eleitoral em Ita\u00fana comunica mudan\u00e7a de quatro se\u00e7\u00f5es eleitorais - Gazeta Ita\u00fana","isPartOf":{"@id":"https:\/\/www.gazetaitauna.com.br\/site\/#website"},"primaryImageOfPage":{"@id":"https:\/\/www.gazetaitauna.com.br\/site\/cartorio-eleitoral-em-itauna-comunica-mudanca-de-quatro-secoes-eleitorais\/#primaryimage"},"image":{"@id":"https:\/\/www.gazetaitauna.com.br\/site\/cartorio-eleitoral-em-itauna-comunica-mudanca-de-quatro-secoes-eleitorais\/#primaryimage"},"thumbnailUrl":"https:\/\/www.gazetaitauna.com.br\/site\/wp-content\/uploads\/2026\/08\/50428342158_f2a907cdc2_k-1024x683-1.jpg","datePublished":"2026-08-31T15:46:00+00:00","dateModified":"2026-09-01T13:53:28+00:00","breadcrumb":{"@id":"https:\/\/www.gazetaitauna.com.br\/site\/cartorio-eleitoral-em-itauna-comunica-mudanca-de-quatro-secoes-eleitorais\/#breadcrumb"},"inLanguage":"pt-BR","potentialAction":[{"@type":"ReadAction","target":["https:\/\/www.gazetaitauna.com.br\/site\/cartorio-eleitoral-em-itauna-comunica-mudanca-de-quatro-secoes-eleitorais\/"]}]},{"@type":"ImageObject","inLanguage":"pt-BR","@id":"https:\/\/www.gazetaitauna.com.br\/site\/cartorio-eleitoral-em-itauna-comunica-mudanca-de-quatro-secoes-eleitorais\/#primaryimage","url":"https:\/\/www.gazetaitauna.com.br\/site\/wp-content\/uploads\/2026\/08\/50428342158_f2a907cdc2_k-1024x683-1.jpg","contentUrl":"https:\/\/www.gazetaitauna.com.br\/site\/wp-content\/uploads\/2026\/08\/50428342158_f2a907cdc2_k-1024x683-1.jpg","width":1024,"height":683},{"@type":"BreadcrumbList","@id":"https:\/\/www.gazetaitauna.com.br\/site\/cartorio-eleitoral-em-itauna-comunica-mudanca-de-quatro-secoes-eleitorais\/#breadcrumb","itemListElement":[{"@type":"ListItem","position":1,"name":"In\u00edcio","item":"https:\/\/www.gazetaitauna.com.br\/site\/"},{"@type":"ListItem","position":2,"name":"Cart\u00f3rio Eleitoral em Ita\u00fana comunica mudan\u00e7a de quatro se\u00e7\u00f5es eleitorais"}]},{"@type":"WebSite","@id":"https:\/\/www.gazetaitauna.com.br\/site\/#website","url":"https:\/\/www.gazetaitauna.com.br\/site\/","name":"Gazeta de Ita\u00fana","description":"Jornal Ita\u00fana MG","publisher":{"@id":"https:\/\/www.gazetaitauna.com.br\/site\/#organization"},"potentialAction":[{"@type":"SearchAction","target":{"@type":"EntryPoint","urlTemplate":"https:\/\/www.gazetaitauna.com.br\/site\/?s={search_term_string}"},"query-input":{"@type":"PropertyValueSpecification","valueRequired":true,"valueName":"search_term_string"}}],"inLanguage":"pt-BR"},{"@type":"Organization","@id":"https:\/\/www.gazetaitauna.com.br\/site\/#organization","name":"Gazeta de Ita\u00fana","url":"https:\/\/www.gazetaitauna.com.br\/site\/","logo":{"@type":"ImageObject","inLanguage":"pt-BR","@id":"https:\/\/www.gazetaitauna.com.br\/site\/#\/schema\/logo\/image\/","url":"https:\/\/www.gazetaitauna.com.br\/site\/wp-content\/uploads\/2020\/07\/gazeta-icone.png","contentUrl":"https:\/\/www.gazetaitauna.com.br\/site\/wp-content\/uploads\/2020\/07\/gazeta-icone.png","width":592,"height":420,"caption":"Gazeta de Ita\u00fana"},"image":{"@id":"https:\/\/www.gazetaitauna.com.br\/site\/#\/schema\/logo\/image\/"},"sameAs":["https:\/\/www.facebook.com\/gazetadeitauna","https:\/\/www.instagram.com\/gazetadeitauna"]},{"@type":"Person","@id":"https:\/\/www.gazetaitauna.com.br\/site\/#\/schema\/person\/83fac651809e5dec9550ff5ced432d71","name":"Reda\u00e7\u00e3o","image":{"@type":"ImageObject","inLanguage":"pt-BR","@id":"https:\/\/www.gazetaitauna.com.br\/site\/wp-content\/uploads\/2020\/07\/reda\u00e7\u00e3o-1-150x150.png","url":"https:\/\/www.gazetaitauna.com.br\/site\/wp-content\/uploads\/2020\/07\/reda\u00e7\u00e3o-1-150x150.png","contentUrl":"https:\/\/www.gazetaitauna.com.br\/site\/wp-content\/uploads\/2020\/07\/reda\u00e7\u00e3o-1-150x150.png","caption":"Reda\u00e7\u00e3o"},"url":"https:\/\/www.gazetaitauna.com.br\/site\/author\/redacao\/"}]}},"jetpack_featured_media_url":"https:\/\/www.gazetaitauna.com.br\/site\/wp-content\/uploads\/2026\/08\/50428342158_f2a907cdc2_k-1024x683-1.jpg","jetpack_sharing_enabled":true,"_links":{"self":[{"href":"https:\/\/www.gazetaitauna.com.br\/site\/wp-json\/wp\/v2\/posts\/38347","targetHints":{"allow":["GET"]}}],"collection":[{"href":"https:\/\/www.gazetaitauna.com.br\/site\/wp-json\/wp\/v2\/posts"}],"about":[{"href":"https:\/\/www.gazetaitauna.com.br\/site\/wp-json\/wp\/v2\/types\/post"}],"author":[{"embeddable":true,"href":"https:\/\/www.gazetaitauna.com.br\/site\/wp-json\/wp\/v2\/users\/2"}],"replies":[{"embeddable":true,"href":"https:\/\/www.gazetaitauna.com.br\/site\/wp-json\/wp\/v2\/comments?post=38347"}],"version-history":[{"count":3,"href":"https:\/\/www.gazetaitauna.com.br\/site\/wp-json\/wp\/v2\/posts\/38347\/revisions"}],"predecessor-version":[{"id":38361,"href":"https:\/\/www.gazetaitauna.com.br\/site\/wp-json\/wp\/v2\/posts\/38347\/revisions\/38361"}],"wp:featuredmedia":[{"embeddable":true,"href":"https:\/\/www.gazetaitauna.com.br\/site\/wp-json\/wp\/v2\/media\/38348"}],"wp:attachment":[{"href":"https:\/\/www.gazetaitauna.com.br\/site\/wp-json\/wp\/v2\/media?parent=38347"}],"wp:term":[{"taxonomy":"category","embeddable":true,"href":"https:\/\/www.gazetaitauna.com.br\/site\/wp-json\/wp\/v2\/categories?post=38347"},{"taxonomy":"post_tag","embeddable":true,"href":"https:\/\/www.gazetaitauna.com.br\/site\/wp-json\/wp\/v2\/tags?post=38347"}],"curies":[{"name":"wp","href":"https:\/\/api.w.org\/{rel}","templated":true}]}}