{"id":38335,"date":"2026-08-27T12:53:53","date_gmt":"2026-08-27T15:53:53","guid":{"rendered":"https:\/\/www.gazetaitauna.com.br\/site\/?p=38335"},"modified":"2026-08-27T12:54:11","modified_gmt":"2026-08-27T15:54:11","slug":"leonardo-lopes-candidato-a-deputado-estadual-esta-inelegivel-por-difamacao-eleitoral-contra-neider-moreira","status":"publish","type":"post","link":"https:\/\/www.gazetaitauna.com.br\/site\/leonardo-lopes-candidato-a-deputado-estadual-esta-inelegivel-por-difamacao-eleitoral-contra-neider-moreira\/","title":{"rendered":"Leonardo Lopes, candidato a deputado estadual, est\u00e1 ineleg\u00edvel, por difama\u00e7\u00e3o eleitoral contra Neider Moreira"},"content":{"rendered":"\n<p class=\"wp-block-paragraph\"><em>Leonardo foi condenado por difama\u00e7\u00e3o eleitoral contra Neider Moreira nas elei\u00e7\u00f5es de 2020<\/em><\/p>\n\n\n\n<p class=\"wp-block-paragraph\">O pedido de impugna\u00e7\u00e3o apresentada pelo MPE &#8211; Minist\u00e9rio P\u00fablico Eleitoral- ao pedido de registro de candidatura de Leonardo Lopes de Andrade ao cargo de deputado estadual est\u00e1 fundamentada em condena\u00e7\u00e3o criminal por difama\u00e7\u00e3o eleitoral.<\/p>\n\n\n\n<p class=\"wp-block-paragraph\">Leonardo Lopes de Andrade foi condenado, em decis\u00e3o colegiada do TRE-MG &#8211; Tribunal Regional Eleitoral de Minas Gerais \u00e0 pena de 5 meses e 10 dias de deten\u00e7\u00e3o por difama\u00e7\u00e3o eleitoral (art. 325, majorado pelo art. 327, II, do C\u00f3digo Eleitoral), por publica\u00e7\u00f5es ofensivas ao ent\u00e3o prefeito e candidato \u00e0 reelei\u00e7\u00e3o, Neider Moreira de Faria, durante as elei\u00e7\u00f5es municipais de 2020.<\/p>\n\n\n\n<p class=\"wp-block-paragraph\">As publica\u00e7\u00f5es foram feitas em redes sociais e em p\u00e1gina de ve\u00edculo de imprensa local, imputando ao prefeito pr\u00e1ticas como superfaturamento de contratos, enriquecimento il\u00edcito e fraude em pesquisas eleitorais.<\/p>\n\n\n\n<p class=\"wp-block-paragraph\">A pena privativa de liberdade foi substitu\u00edda por presta\u00e7\u00e3o pecuni\u00e1ria no valor de um sal\u00e1rio m\u00ednimo, conforme decis\u00e3o do TRE-MG, pois a pena era inferior a seis meses. Tamb\u00e9m foi fixada indeniza\u00e7\u00e3o de R$ 5.000,00 \u00e0 v\u00edtima.<\/p>\n\n\n\n<p class=\"wp-block-paragraph\">Leonardo alegou que suas manifesta\u00e7\u00f5es eram opini\u00f5es pessoais, protegidas pela liberdade de express\u00e3o, e que n\u00e3o houve inten\u00e7\u00e3o de ofender a honra do ofendido. Argumentou que as publica\u00e7\u00f5es tinham pouco alcance, pois teriam sido feitas em grupo fechado no Facebook.<\/p>\n\n\n\n<p class=\"wp-block-paragraph\">A defesa tamb\u00e9m tentou alegar decad\u00eancia do direito de a\u00e7\u00e3o, o que foi rejeitado, pois crimes eleitorais s\u00e3o de a\u00e7\u00e3o p\u00fablica incondicionada.<\/p>\n\n\n\n<p class=\"wp-block-paragraph\">No seu pedido o MPE argumenta que a condena\u00e7\u00e3o criminal, mesmo com substitui\u00e7\u00e3o da pena privativa de liberdade por restritiva de direitos, gera inelegibilidade conforme o art. 1\u00ba, I, &#8220;e&#8221;, item 4, da Lei Complementar n\u00ba 64\/1990 (Lei da Ficha Limpa).<\/p>\n\n\n\n<p class=\"wp-block-paragraph\">A jurisprud\u00eancia do TSE e a S\u00famula 61\/TSE confirmam que a convers\u00e3o da pena n\u00e3o afasta a inelegibilidade, que perdura por 8 anos ap\u00f3s o cumprimento da pena.<\/p>\n\n\n\n<p class=\"wp-block-paragraph\">O MPE requereu o reconhecimento da inelegibilidade de Leonardo Lopes de Andrade e o indeferimento do seu registro de candidatura.<\/p>\n","protected":false},"excerpt":{"rendered":"<p>Leonardo foi condenado por difama\u00e7\u00e3o eleitoral contra Neider Moreira nas elei\u00e7\u00f5es de 2020 O pedido<\/p>\n","protected":false},"author":2,"featured_media":38336,"comment_status":"open","ping_status":"open","sticky":false,"template":"","format":"standard","meta":{"_jetpack_newsletter_access":"","_jetpack_dont_email_post_to_subs":false,"_jetpack_newsletter_tier_id":0,"_jetpack_memberships_contains_paywalled_content":false,"_jetpack_feature_clip_id":0,"_jetpack_memberships_contains_paid_content":false,"footnotes":"","jetpack_post_was_ever_published":false},"categories":[295],"tags":[826,3136],"class_list":["post-38335","post","type-post","status-publish","format-standard","has-post-thumbnail","hentry","category-itauna","tag-gazeta-itauna-2","tag-itauna-mg-2"],"yoast_head":"<!-- This site is optimized with the Yoast SEO plugin v28.1 - https:\/\/yoast.com\/product\/yoast-seo-wordpress\/ -->\n<title>Leonardo Lopes, candidato a deputado estadual, est\u00e1 ineleg\u00edvel, por difama\u00e7\u00e3o eleitoral contra Neider Moreira - Gazeta Ita\u00fana<\/title>\n<meta name=\"robots\" content=\"index, follow, max-snippet:-1, max-image-preview:large, max-video-preview:-1\" \/>\n<link rel=\"canonical\" href=\"https:\/\/www.gazetaitauna.com.br\/site\/leonardo-lopes-candidato-a-deputado-estadual-esta-inelegivel-por-difamacao-eleitoral-contra-neider-moreira\/\" \/>\n<meta property=\"og:locale\" content=\"pt_BR\" \/>\n<meta property=\"og:type\" content=\"article\" \/>\n<meta property=\"og:title\" content=\"Leonardo Lopes, candidato a deputado estadual, est\u00e1 ineleg\u00edvel, por difama\u00e7\u00e3o eleitoral contra Neider Moreira - Gazeta Ita\u00fana\" \/>\n<meta property=\"og:description\" content=\"Leonardo foi condenado por difama\u00e7\u00e3o eleitoral contra Neider Moreira nas elei\u00e7\u00f5es de 2020 O pedido\" \/>\n<meta property=\"og:url\" content=\"https:\/\/www.gazetaitauna.com.br\/site\/leonardo-lopes-candidato-a-deputado-estadual-esta-inelegivel-por-difamacao-eleitoral-contra-neider-moreira\/\" \/>\n<meta property=\"og:site_name\" content=\"Gazeta Ita\u00fana\" \/>\n<meta property=\"article:publisher\" content=\"https:\/\/www.facebook.com\/gazetadeitauna\" \/>\n<meta property=\"article:published_time\" content=\"2026-08-27T15:53:53+00:00\" \/>\n<meta property=\"article:modified_time\" content=\"2026-08-27T15:54:11+00:00\" \/>\n<meta property=\"og:image\" content=\"https:\/\/www.gazetaitauna.com.br\/site\/wp-content\/uploads\/2026\/08\/image-21.png\" \/>\n\t<meta property=\"og:image:width\" content=\"741\" \/>\n\t<meta property=\"og:image:height\" content=\"417\" \/>\n\t<meta property=\"og:image:type\" content=\"image\/png\" \/>\n<meta name=\"author\" content=\"Reda\u00e7\u00e3o\" \/>\n<meta name=\"twitter:card\" content=\"summary_large_image\" \/>\n<meta name=\"twitter:label1\" content=\"Escrito por\" \/>\n\t<meta name=\"twitter:data1\" content=\"Reda\u00e7\u00e3o\" \/>\n\t<meta name=\"twitter:label2\" content=\"Est. tempo de leitura\" \/>\n\t<meta name=\"twitter:data2\" content=\"2 minutos\" \/>\n<script type=\"application\/ld+json\" class=\"yoast-schema-graph\">{\"@context\":\"https:\\\/\\\/schema.org\",\"@graph\":[{\"@type\":\"Article\",\"@id\":\"https:\\\/\\\/www.gazetaitauna.com.br\\\/site\\\/leonardo-lopes-candidato-a-deputado-estadual-esta-inelegivel-por-difamacao-eleitoral-contra-neider-moreira\\\/#article\",\"isPartOf\":{\"@id\":\"https:\\\/\\\/www.gazetaitauna.com.br\\\/site\\\/leonardo-lopes-candidato-a-deputado-estadual-esta-inelegivel-por-difamacao-eleitoral-contra-neider-moreira\\\/\"},\"author\":{\"name\":\"Reda\u00e7\u00e3o\",\"@id\":\"https:\\\/\\\/www.gazetaitauna.com.br\\\/site\\\/#\\\/schema\\\/person\\\/83fac651809e5dec9550ff5ced432d71\"},\"headline\":\"Leonardo Lopes, candidato a deputado estadual, est\u00e1 ineleg\u00edvel, por difama\u00e7\u00e3o eleitoral contra Neider Moreira\",\"datePublished\":\"2026-08-27T15:53:53+00:00\",\"dateModified\":\"2026-08-27T15:54:11+00:00\",\"mainEntityOfPage\":{\"@id\":\"https:\\\/\\\/www.gazetaitauna.com.br\\\/site\\\/leonardo-lopes-candidato-a-deputado-estadual-esta-inelegivel-por-difamacao-eleitoral-contra-neider-moreira\\\/\"},\"wordCount\":377,\"commentCount\":0,\"publisher\":{\"@id\":\"https:\\\/\\\/www.gazetaitauna.com.br\\\/site\\\/#organization\"},\"image\":{\"@id\":\"https:\\\/\\\/www.gazetaitauna.com.br\\\/site\\\/leonardo-lopes-candidato-a-deputado-estadual-esta-inelegivel-por-difamacao-eleitoral-contra-neider-moreira\\\/#primaryimage\"},\"thumbnailUrl\":\"https:\\\/\\\/www.gazetaitauna.com.br\\\/site\\\/wp-content\\\/uploads\\\/2026\\\/08\\\/image-21.png\",\"keywords\":[\"Gazeta Ita\u00fana\",\"Ita\u00fana\\\/MG\"],\"articleSection\":[\"Ita\u00fana\"],\"inLanguage\":\"pt-BR\",\"potentialAction\":[{\"@type\":\"CommentAction\",\"name\":\"Comment\",\"target\":[\"https:\\\/\\\/www.gazetaitauna.com.br\\\/site\\\/leonardo-lopes-candidato-a-deputado-estadual-esta-inelegivel-por-difamacao-eleitoral-contra-neider-moreira\\\/#respond\"]}]},{\"@type\":\"WebPage\",\"@id\":\"https:\\\/\\\/www.gazetaitauna.com.br\\\/site\\\/leonardo-lopes-candidato-a-deputado-estadual-esta-inelegivel-por-difamacao-eleitoral-contra-neider-moreira\\\/\",\"url\":\"https:\\\/\\\/www.gazetaitauna.com.br\\\/site\\\/leonardo-lopes-candidato-a-deputado-estadual-esta-inelegivel-por-difamacao-eleitoral-contra-neider-moreira\\\/\",\"name\":\"Leonardo Lopes, candidato a deputado estadual, est\u00e1 ineleg\u00edvel, por difama\u00e7\u00e3o eleitoral contra Neider Moreira - Gazeta Ita\u00fana\",\"isPartOf\":{\"@id\":\"https:\\\/\\\/www.gazetaitauna.com.br\\\/site\\\/#website\"},\"primaryImageOfPage\":{\"@id\":\"https:\\\/\\\/www.gazetaitauna.com.br\\\/site\\\/leonardo-lopes-candidato-a-deputado-estadual-esta-inelegivel-por-difamacao-eleitoral-contra-neider-moreira\\\/#primaryimage\"},\"image\":{\"@id\":\"https:\\\/\\\/www.gazetaitauna.com.br\\\/site\\\/leonardo-lopes-candidato-a-deputado-estadual-esta-inelegivel-por-difamacao-eleitoral-contra-neider-moreira\\\/#primaryimage\"},\"thumbnailUrl\":\"https:\\\/\\\/www.gazetaitauna.com.br\\\/site\\\/wp-content\\\/uploads\\\/2026\\\/08\\\/image-21.png\",\"datePublished\":\"2026-08-27T15:53:53+00:00\",\"dateModified\":\"2026-08-27T15:54:11+00:00\",\"breadcrumb\":{\"@id\":\"https:\\\/\\\/www.gazetaitauna.com.br\\\/site\\\/leonardo-lopes-candidato-a-deputado-estadual-esta-inelegivel-por-difamacao-eleitoral-contra-neider-moreira\\\/#breadcrumb\"},\"inLanguage\":\"pt-BR\",\"potentialAction\":[{\"@type\":\"ReadAction\",\"target\":[\"https:\\\/\\\/www.gazetaitauna.com.br\\\/site\\\/leonardo-lopes-candidato-a-deputado-estadual-esta-inelegivel-por-difamacao-eleitoral-contra-neider-moreira\\\/\"]}]},{\"@type\":\"ImageObject\",\"inLanguage\":\"pt-BR\",\"@id\":\"https:\\\/\\\/www.gazetaitauna.com.br\\\/site\\\/leonardo-lopes-candidato-a-deputado-estadual-esta-inelegivel-por-difamacao-eleitoral-contra-neider-moreira\\\/#primaryimage\",\"url\":\"https:\\\/\\\/www.gazetaitauna.com.br\\\/site\\\/wp-content\\\/uploads\\\/2026\\\/08\\\/image-21.png\",\"contentUrl\":\"https:\\\/\\\/www.gazetaitauna.com.br\\\/site\\\/wp-content\\\/uploads\\\/2026\\\/08\\\/image-21.png\",\"width\":741,\"height\":417},{\"@type\":\"BreadcrumbList\",\"@id\":\"https:\\\/\\\/www.gazetaitauna.com.br\\\/site\\\/leonardo-lopes-candidato-a-deputado-estadual-esta-inelegivel-por-difamacao-eleitoral-contra-neider-moreira\\\/#breadcrumb\",\"itemListElement\":[{\"@type\":\"ListItem\",\"position\":1,\"name\":\"In\u00edcio\",\"item\":\"https:\\\/\\\/www.gazetaitauna.com.br\\\/site\\\/\"},{\"@type\":\"ListItem\",\"position\":2,\"name\":\"Leonardo Lopes, candidato a deputado estadual, est\u00e1 ineleg\u00edvel, por difama\u00e7\u00e3o eleitoral contra Neider Moreira\"}]},{\"@type\":\"WebSite\",\"@id\":\"https:\\\/\\\/www.gazetaitauna.com.br\\\/site\\\/#website\",\"url\":\"https:\\\/\\\/www.gazetaitauna.com.br\\\/site\\\/\",\"name\":\"Gazeta de Ita\u00fana\",\"description\":\"Jornal Ita\u00fana MG\",\"publisher\":{\"@id\":\"https:\\\/\\\/www.gazetaitauna.com.br\\\/site\\\/#organization\"},\"potentialAction\":[{\"@type\":\"SearchAction\",\"target\":{\"@type\":\"EntryPoint\",\"urlTemplate\":\"https:\\\/\\\/www.gazetaitauna.com.br\\\/site\\\/?s={search_term_string}\"},\"query-input\":{\"@type\":\"PropertyValueSpecification\",\"valueRequired\":true,\"valueName\":\"search_term_string\"}}],\"inLanguage\":\"pt-BR\"},{\"@type\":\"Organization\",\"@id\":\"https:\\\/\\\/www.gazetaitauna.com.br\\\/site\\\/#organization\",\"name\":\"Gazeta de Ita\u00fana\",\"url\":\"https:\\\/\\\/www.gazetaitauna.com.br\\\/site\\\/\",\"logo\":{\"@type\":\"ImageObject\",\"inLanguage\":\"pt-BR\",\"@id\":\"https:\\\/\\\/www.gazetaitauna.com.br\\\/site\\\/#\\\/schema\\\/logo\\\/image\\\/\",\"url\":\"https:\\\/\\\/www.gazetaitauna.com.br\\\/site\\\/wp-content\\\/uploads\\\/2020\\\/07\\\/gazeta-icone.png\",\"contentUrl\":\"https:\\\/\\\/www.gazetaitauna.com.br\\\/site\\\/wp-content\\\/uploads\\\/2020\\\/07\\\/gazeta-icone.png\",\"width\":592,\"height\":420,\"caption\":\"Gazeta de Ita\u00fana\"},\"image\":{\"@id\":\"https:\\\/\\\/www.gazetaitauna.com.br\\\/site\\\/#\\\/schema\\\/logo\\\/image\\\/\"},\"sameAs\":[\"https:\\\/\\\/www.facebook.com\\\/gazetadeitauna\",\"https:\\\/\\\/www.instagram.com\\\/gazetadeitauna\"]},{\"@type\":\"Person\",\"@id\":\"https:\\\/\\\/www.gazetaitauna.com.br\\\/site\\\/#\\\/schema\\\/person\\\/83fac651809e5dec9550ff5ced432d71\",\"name\":\"Reda\u00e7\u00e3o\",\"image\":{\"@type\":\"ImageObject\",\"inLanguage\":\"pt-BR\",\"@id\":\"https:\\\/\\\/www.gazetaitauna.com.br\\\/site\\\/wp-content\\\/uploads\\\/2020\\\/07\\\/reda\u00e7\u00e3o-1-150x150.png\",\"url\":\"https:\\\/\\\/www.gazetaitauna.com.br\\\/site\\\/wp-content\\\/uploads\\\/2020\\\/07\\\/reda\u00e7\u00e3o-1-150x150.png\",\"contentUrl\":\"https:\\\/\\\/www.gazetaitauna.com.br\\\/site\\\/wp-content\\\/uploads\\\/2020\\\/07\\\/reda\u00e7\u00e3o-1-150x150.png\",\"caption\":\"Reda\u00e7\u00e3o\"},\"url\":\"https:\\\/\\\/www.gazetaitauna.com.br\\\/site\\\/author\\\/redacao\\\/\"}]}<\/script>\n<!-- \/ Yoast SEO plugin. -->","yoast_head_json":{"title":"Leonardo Lopes, candidato a deputado estadual, est\u00e1 ineleg\u00edvel, por difama\u00e7\u00e3o eleitoral contra Neider Moreira - Gazeta Ita\u00fana","robots":{"index":"index","follow":"follow","max-snippet":"max-snippet:-1","max-image-preview":"max-image-preview:large","max-video-preview":"max-video-preview:-1"},"canonical":"https:\/\/www.gazetaitauna.com.br\/site\/leonardo-lopes-candidato-a-deputado-estadual-esta-inelegivel-por-difamacao-eleitoral-contra-neider-moreira\/","og_locale":"pt_BR","og_type":"article","og_title":"Leonardo Lopes, candidato a deputado estadual, est\u00e1 ineleg\u00edvel, por difama\u00e7\u00e3o eleitoral contra Neider Moreira - Gazeta Ita\u00fana","og_description":"Leonardo foi condenado por difama\u00e7\u00e3o eleitoral contra Neider Moreira nas elei\u00e7\u00f5es de 2020 O pedido","og_url":"https:\/\/www.gazetaitauna.com.br\/site\/leonardo-lopes-candidato-a-deputado-estadual-esta-inelegivel-por-difamacao-eleitoral-contra-neider-moreira\/","og_site_name":"Gazeta Ita\u00fana","article_publisher":"https:\/\/www.facebook.com\/gazetadeitauna","article_published_time":"2026-08-27T15:53:53+00:00","article_modified_time":"2026-08-27T15:54:11+00:00","og_image":[{"width":741,"height":417,"url":"https:\/\/www.gazetaitauna.com.br\/site\/wp-content\/uploads\/2026\/08\/image-21.png","type":"image\/png"}],"author":"Reda\u00e7\u00e3o","twitter_card":"summary_large_image","twitter_misc":{"Escrito por":"Reda\u00e7\u00e3o","Est. tempo de leitura":"2 minutos"},"schema":{"@context":"https:\/\/schema.org","@graph":[{"@type":"Article","@id":"https:\/\/www.gazetaitauna.com.br\/site\/leonardo-lopes-candidato-a-deputado-estadual-esta-inelegivel-por-difamacao-eleitoral-contra-neider-moreira\/#article","isPartOf":{"@id":"https:\/\/www.gazetaitauna.com.br\/site\/leonardo-lopes-candidato-a-deputado-estadual-esta-inelegivel-por-difamacao-eleitoral-contra-neider-moreira\/"},"author":{"name":"Reda\u00e7\u00e3o","@id":"https:\/\/www.gazetaitauna.com.br\/site\/#\/schema\/person\/83fac651809e5dec9550ff5ced432d71"},"headline":"Leonardo Lopes, candidato a deputado estadual, est\u00e1 ineleg\u00edvel, por difama\u00e7\u00e3o eleitoral contra Neider Moreira","datePublished":"2026-08-27T15:53:53+00:00","dateModified":"2026-08-27T15:54:11+00:00","mainEntityOfPage":{"@id":"https:\/\/www.gazetaitauna.com.br\/site\/leonardo-lopes-candidato-a-deputado-estadual-esta-inelegivel-por-difamacao-eleitoral-contra-neider-moreira\/"},"wordCount":377,"commentCount":0,"publisher":{"@id":"https:\/\/www.gazetaitauna.com.br\/site\/#organization"},"image":{"@id":"https:\/\/www.gazetaitauna.com.br\/site\/leonardo-lopes-candidato-a-deputado-estadual-esta-inelegivel-por-difamacao-eleitoral-contra-neider-moreira\/#primaryimage"},"thumbnailUrl":"https:\/\/www.gazetaitauna.com.br\/site\/wp-content\/uploads\/2026\/08\/image-21.png","keywords":["Gazeta Ita\u00fana","Ita\u00fana\/MG"],"articleSection":["Ita\u00fana"],"inLanguage":"pt-BR","potentialAction":[{"@type":"CommentAction","name":"Comment","target":["https:\/\/www.gazetaitauna.com.br\/site\/leonardo-lopes-candidato-a-deputado-estadual-esta-inelegivel-por-difamacao-eleitoral-contra-neider-moreira\/#respond"]}]},{"@type":"WebPage","@id":"https:\/\/www.gazetaitauna.com.br\/site\/leonardo-lopes-candidato-a-deputado-estadual-esta-inelegivel-por-difamacao-eleitoral-contra-neider-moreira\/","url":"https:\/\/www.gazetaitauna.com.br\/site\/leonardo-lopes-candidato-a-deputado-estadual-esta-inelegivel-por-difamacao-eleitoral-contra-neider-moreira\/","name":"Leonardo Lopes, candidato a deputado estadual, est\u00e1 ineleg\u00edvel, por difama\u00e7\u00e3o eleitoral contra Neider Moreira - Gazeta Ita\u00fana","isPartOf":{"@id":"https:\/\/www.gazetaitauna.com.br\/site\/#website"},"primaryImageOfPage":{"@id":"https:\/\/www.gazetaitauna.com.br\/site\/leonardo-lopes-candidato-a-deputado-estadual-esta-inelegivel-por-difamacao-eleitoral-contra-neider-moreira\/#primaryimage"},"image":{"@id":"https:\/\/www.gazetaitauna.com.br\/site\/leonardo-lopes-candidato-a-deputado-estadual-esta-inelegivel-por-difamacao-eleitoral-contra-neider-moreira\/#primaryimage"},"thumbnailUrl":"https:\/\/www.gazetaitauna.com.br\/site\/wp-content\/uploads\/2026\/08\/image-21.png","datePublished":"2026-08-27T15:53:53+00:00","dateModified":"2026-08-27T15:54:11+00:00","breadcrumb":{"@id":"https:\/\/www.gazetaitauna.com.br\/site\/leonardo-lopes-candidato-a-deputado-estadual-esta-inelegivel-por-difamacao-eleitoral-contra-neider-moreira\/#breadcrumb"},"inLanguage":"pt-BR","potentialAction":[{"@type":"ReadAction","target":["https:\/\/www.gazetaitauna.com.br\/site\/leonardo-lopes-candidato-a-deputado-estadual-esta-inelegivel-por-difamacao-eleitoral-contra-neider-moreira\/"]}]},{"@type":"ImageObject","inLanguage":"pt-BR","@id":"https:\/\/www.gazetaitauna.com.br\/site\/leonardo-lopes-candidato-a-deputado-estadual-esta-inelegivel-por-difamacao-eleitoral-contra-neider-moreira\/#primaryimage","url":"https:\/\/www.gazetaitauna.com.br\/site\/wp-content\/uploads\/2026\/08\/image-21.png","contentUrl":"https:\/\/www.gazetaitauna.com.br\/site\/wp-content\/uploads\/2026\/08\/image-21.png","width":741,"height":417},{"@type":"BreadcrumbList","@id":"https:\/\/www.gazetaitauna.com.br\/site\/leonardo-lopes-candidato-a-deputado-estadual-esta-inelegivel-por-difamacao-eleitoral-contra-neider-moreira\/#breadcrumb","itemListElement":[{"@type":"ListItem","position":1,"name":"In\u00edcio","item":"https:\/\/www.gazetaitauna.com.br\/site\/"},{"@type":"ListItem","position":2,"name":"Leonardo Lopes, candidato a deputado estadual, est\u00e1 ineleg\u00edvel, por difama\u00e7\u00e3o eleitoral contra Neider Moreira"}]},{"@type":"WebSite","@id":"https:\/\/www.gazetaitauna.com.br\/site\/#website","url":"https:\/\/www.gazetaitauna.com.br\/site\/","name":"Gazeta de Ita\u00fana","description":"Jornal Ita\u00fana MG","publisher":{"@id":"https:\/\/www.gazetaitauna.com.br\/site\/#organization"},"potentialAction":[{"@type":"SearchAction","target":{"@type":"EntryPoint","urlTemplate":"https:\/\/www.gazetaitauna.com.br\/site\/?s={search_term_string}"},"query-input":{"@type":"PropertyValueSpecification","valueRequired":true,"valueName":"search_term_string"}}],"inLanguage":"pt-BR"},{"@type":"Organization","@id":"https:\/\/www.gazetaitauna.com.br\/site\/#organization","name":"Gazeta de Ita\u00fana","url":"https:\/\/www.gazetaitauna.com.br\/site\/","logo":{"@type":"ImageObject","inLanguage":"pt-BR","@id":"https:\/\/www.gazetaitauna.com.br\/site\/#\/schema\/logo\/image\/","url":"https:\/\/www.gazetaitauna.com.br\/site\/wp-content\/uploads\/2020\/07\/gazeta-icone.png","contentUrl":"https:\/\/www.gazetaitauna.com.br\/site\/wp-content\/uploads\/2020\/07\/gazeta-icone.png","width":592,"height":420,"caption":"Gazeta de Ita\u00fana"},"image":{"@id":"https:\/\/www.gazetaitauna.com.br\/site\/#\/schema\/logo\/image\/"},"sameAs":["https:\/\/www.facebook.com\/gazetadeitauna","https:\/\/www.instagram.com\/gazetadeitauna"]},{"@type":"Person","@id":"https:\/\/www.gazetaitauna.com.br\/site\/#\/schema\/person\/83fac651809e5dec9550ff5ced432d71","name":"Reda\u00e7\u00e3o","image":{"@type":"ImageObject","inLanguage":"pt-BR","@id":"https:\/\/www.gazetaitauna.com.br\/site\/wp-content\/uploads\/2020\/07\/reda\u00e7\u00e3o-1-150x150.png","url":"https:\/\/www.gazetaitauna.com.br\/site\/wp-content\/uploads\/2020\/07\/reda\u00e7\u00e3o-1-150x150.png","contentUrl":"https:\/\/www.gazetaitauna.com.br\/site\/wp-content\/uploads\/2020\/07\/reda\u00e7\u00e3o-1-150x150.png","caption":"Reda\u00e7\u00e3o"},"url":"https:\/\/www.gazetaitauna.com.br\/site\/author\/redacao\/"}]}},"jetpack_featured_media_url":"https:\/\/www.gazetaitauna.com.br\/site\/wp-content\/uploads\/2026\/08\/image-21.png","jetpack_sharing_enabled":true,"_links":{"self":[{"href":"https:\/\/www.gazetaitauna.com.br\/site\/wp-json\/wp\/v2\/posts\/38335","targetHints":{"allow":["GET"]}}],"collection":[{"href":"https:\/\/www.gazetaitauna.com.br\/site\/wp-json\/wp\/v2\/posts"}],"about":[{"href":"https:\/\/www.gazetaitauna.com.br\/site\/wp-json\/wp\/v2\/types\/post"}],"author":[{"embeddable":true,"href":"https:\/\/www.gazetaitauna.com.br\/site\/wp-json\/wp\/v2\/users\/2"}],"replies":[{"embeddable":true,"href":"https:\/\/www.gazetaitauna.com.br\/site\/wp-json\/wp\/v2\/comments?post=38335"}],"version-history":[{"count":2,"href":"https:\/\/www.gazetaitauna.com.br\/site\/wp-json\/wp\/v2\/posts\/38335\/revisions"}],"predecessor-version":[{"id":38338,"href":"https:\/\/www.gazetaitauna.com.br\/site\/wp-json\/wp\/v2\/posts\/38335\/revisions\/38338"}],"wp:featuredmedia":[{"embeddable":true,"href":"https:\/\/www.gazetaitauna.com.br\/site\/wp-json\/wp\/v2\/media\/38336"}],"wp:attachment":[{"href":"https:\/\/www.gazetaitauna.com.br\/site\/wp-json\/wp\/v2\/media?parent=38335"}],"wp:term":[{"taxonomy":"category","embeddable":true,"href":"https:\/\/www.gazetaitauna.com.br\/site\/wp-json\/wp\/v2\/categories?post=38335"},{"taxonomy":"post_tag","embeddable":true,"href":"https:\/\/www.gazetaitauna.com.br\/site\/wp-json\/wp\/v2\/tags?post=38335"}],"curies":[{"name":"wp","href":"https:\/\/api.w.org\/{rel}","templated":true}]}}