{"id":38283,"date":"2026-08-17T14:44:36","date_gmt":"2026-08-17T17:44:36","guid":{"rendered":"https:\/\/www.gazetaitauna.com.br\/site\/?p=38283"},"modified":"2026-08-17T14:45:21","modified_gmt":"2026-08-17T17:45:21","slug":"minas-gerais-tem-mais-de-1-800-candidatos-nas-eleicoes-2026","status":"publish","type":"post","link":"https:\/\/www.gazetaitauna.com.br\/site\/minas-gerais-tem-mais-de-1-800-candidatos-nas-eleicoes-2026\/","title":{"rendered":"Minas Gerais tem mais de 1.800 candidatos nas Elei\u00e7\u00f5es 2026"},"content":{"rendered":"\n<p class=\"wp-block-paragraph\"><em>Foto: divulga\u00e7\u00e3o<\/em><\/p>\n\n\n\n<h3 class=\"wp-block-heading\">Perfil de cada um pode ser consultado no sistema DivulgaCandContas<\/h3>\n\n\n\n<p class=\"wp-block-paragraph\">Desde domingo, 16, a popula\u00e7\u00e3o mineira j\u00e1 sabe quantas candidatas e candidatos v\u00e3o disputar as Elei\u00e7\u00f5es 2026: 1.810 pessoas pediram o registro de candidatura.<\/p>\n\n\n\n<p class=\"wp-block-paragraph\">Confira a quantidade de candidatos por cargo:<\/p>\n\n\n\n<ul class=\"wp-block-list\">\n<li>Governador: 11<\/li>\n\n\n\n<li>Vice-governador: 11<\/li>\n\n\n\n<li>Senador: 17<\/li>\n\n\n\n<li>1\u00ba suplente: 17<\/li>\n\n\n\n<li>2\u00ba suplente: 17<\/li>\n\n\n\n<li>Deputado federal: 749<\/li>\n\n\n\n<li>Deputado estadual: 988<\/li>\n<\/ul>\n\n\n\n<p class=\"wp-block-paragraph\">Os dados de todas as candidatas e candidatos podem ser consultados no sistema&nbsp;<a href=\"https:\/\/divulgacandcontas.tse.jus.br\/divulga\/#\/home\" rel=\"noreferrer noopener\" target=\"_blank\">DivulgaCandContas<\/a>.<\/p>\n\n\n\n<p class=\"wp-block-paragraph\">A p\u00e1gina de cada um apresenta informa\u00e7\u00f5es sobre a tramita\u00e7\u00e3o do requerimento de registro de candidatura (qual \u00e9 o cargo pretendido, qual \u00e9 a situa\u00e7\u00e3o do registro, se a candidatura \u00e9 por um partido isolado, uma federa\u00e7\u00e3o ou uma coliga\u00e7\u00e3o), a declara\u00e7\u00e3o de bens, entre outros dados. Tamb\u00e9m vai mostrar informa\u00e7\u00f5es sobre as receitas e despesas de campanha, \u00e0 medida que elas forem registradas no sistema Conta+ JE.<\/p>\n\n\n\n<p class=\"wp-block-paragraph\">Minas Gerais \u00e9 o estado com o segundo maior n\u00famero de candidatos, atr\u00e1s apenas de S\u00e3o Paulo, que tem 2.537.<\/p>\n\n\n\n<p class=\"wp-block-paragraph\"><strong>Perfil das candidaturas<\/strong><\/p>\n\n\n\n<p class=\"wp-block-paragraph\">J\u00e1 o sistema&nbsp;<a href=\"https:\/\/sig.tse.jus.br\/ords\/dwapr\/r\/seai\/sig-candidaturas\/pain%C3%A9is-de-candidaturas?session=308011368559081\" rel=\"noreferrer noopener\" target=\"_blank\">Estat\u00edsticas Eleitorais<\/a>&nbsp;tem pain\u00e9is que ajudam a conhecer o perfil das candidatas e candidatos. \u00c9 poss\u00edvel consultar a quantidade de candidatos registrados no estado, a situa\u00e7\u00e3o de julgamento de cada candidatura e caracter\u00edsticas como g\u00eanero, uso de nome social, faixa et\u00e1ria, ra\u00e7a declarada e n\u00edvel de escolaridade, entre outros.<\/p>\n\n\n\n<p class=\"wp-block-paragraph\">Em Minas Gerais, as mulheres s\u00e3o 635, o que equivale a 35,08% das candidaturas. Os homens s\u00e3o 1.175 (64,92%). O percentual de mulheres \u00e9 maior que nas elei\u00e7\u00f5es de 2022, quando elas eram 33,8% do total de candidatas e candidatos.<\/p>\n\n\n\n<p class=\"wp-block-paragraph\">Com rela\u00e7\u00e3o \u00e0 cor\/ra\u00e7a, 943 candidatas e candidatos (52,1%) declararam ser pretos ou pardos, enquanto 854 declararam ser brancos (47,18%). O percentual de pretos e pardos tamb\u00e9m \u00e9 maior em rela\u00e7\u00e3o \u00e0s elei\u00e7\u00f5es de 2022 (50,27%).<\/p>\n\n\n\n<p class=\"wp-block-paragraph\"><strong>Julgamento<\/strong><\/p>\n\n\n\n<p class=\"wp-block-paragraph\">Os pedidos de registro de candidatura ser\u00e3o julgados pelo TRE-MG. Caber\u00e1 aos integrantes da Corte Eleitoral verificar se cada pessoa cumpre os requisitos de candidatura e se incide ou n\u00e3o em alguma situa\u00e7\u00e3o de inelegibilidade. Esses julgamentos t\u00eam que ser conclu\u00eddos at\u00e9 o dia 14 de setembro.<\/p>\n\n\n\n<p class=\"wp-block-paragraph\"><strong>Substitui\u00e7\u00e3o de candidaturas<\/strong><\/p>\n\n\n\n<p class=\"wp-block-paragraph\">A legisla\u00e7\u00e3o eleitoral prev\u00ea que a substitui\u00e7\u00e3o de candidatas e candidatos pode ocorrer em situa\u00e7\u00f5es espec\u00edficas de ren\u00fancia, falecimento ou cancelamento de registro, sob prazos r\u00edgidos e crit\u00e9rios estritos de elegibilidade.&nbsp;<\/p>\n\n\n\n<p class=\"wp-block-paragraph\">O tempo \u00e9 o fator mais cr\u00edtico no processo de substitui\u00e7\u00e3o. Partidos, federa\u00e7\u00f5es e coliga\u00e7\u00f5es disp\u00f5em do prazo de at\u00e9 dez dias, contados do fato ou da notifica\u00e7\u00e3o oficial da decis\u00e3o judicial que deu origem \u00e0 vaga, para apresentar o pedido de novo registro.&nbsp;<\/p>\n\n\n\n<p class=\"wp-block-paragraph\">No entanto, h\u00e1 um limite temporal absoluto para que a altera\u00e7\u00e3o seja processada para o pleito.&nbsp;<\/p>\n\n\n\n<ul class=\"wp-block-list\">\n<li>Regra geral:\u00a0tanto para as elei\u00e7\u00f5es majorit\u00e1rias (presidente e governador) quanto para as proporcionais (deputados), o pedido de substitui\u00e7\u00e3o deve ser apresentado at\u00e9 20 dias antes do dia do pleito, que em 2026 acontece em 4 de outubro.\u00a0<\/li>\n\n\n\n<li>Exce\u00e7\u00e3o por falecimento:\u00a0a\u00a0\u00fanica hip\u00f3tese em que a substitui\u00e7\u00e3o pode ser solicitada ap\u00f3s esse prazo-limite \u00e9 o falecimento da candidata ou do candidato. Nessas situa\u00e7\u00f5es, a troca pode ocorrer mesmo nos 20 dias que antecedem a elei\u00e7\u00e3o, desde que respeitado o prazo de\u00a0dez\u00a0dias contados do \u00f3bito.\u00a0<\/li>\n<\/ul>\n\n\n\n<p class=\"wp-block-paragraph\">Saiba mais sobre a&nbsp;<a href=\"https:\/\/www.tre-mg.jus.br\/comunicacao\/noticias\/2026\/Julho\/por-dentro-das-eleicoes-conheca-as-regras-para-substituicao-de-candidaturas\" rel=\"noreferrer noopener\" target=\"_blank\">substitui\u00e7\u00e3o de candidaturas<\/a>.<\/p>\n\n\n\n<p class=\"wp-block-paragraph\"><\/p>\n\n\n\n<p class=\"wp-block-paragraph\"><strong>Fonte TRE\/MG<\/strong><\/p>\n","protected":false},"excerpt":{"rendered":"<p>Foto: divulga\u00e7\u00e3o Perfil de cada um pode ser consultado no sistema DivulgaCandContas Desde domingo, 16,<\/p>\n","protected":false},"author":2,"featured_media":38284,"comment_status":"open","ping_status":"open","sticky":false,"template":"","format":"standard","meta":{"_jetpack_newsletter_access":"","_jetpack_dont_email_post_to_subs":false,"_jetpack_newsletter_tier_id":0,"_jetpack_memberships_contains_paywalled_content":false,"_jetpack_feature_clip_id":0,"_jetpack_memberships_contains_paid_content":false,"footnotes":"","jetpack_post_was_ever_published":false},"categories":[1],"tags":[826,3136],"class_list":["post-38283","post","type-post","status-publish","format-standard","has-post-thumbnail","hentry","category-minasgerais","tag-gazeta-itauna-2","tag-itauna-mg-2"],"yoast_head":"<!-- This site is optimized with the Yoast SEO plugin v28.1 - https:\/\/yoast.com\/product\/yoast-seo-wordpress\/ -->\n<title>Minas Gerais tem mais de 1.800 candidatos nas Elei\u00e7\u00f5es 2026 - Gazeta Ita\u00fana<\/title>\n<meta name=\"robots\" content=\"index, follow, max-snippet:-1, max-image-preview:large, max-video-preview:-1\" \/>\n<link rel=\"canonical\" href=\"https:\/\/www.gazetaitauna.com.br\/site\/minas-gerais-tem-mais-de-1-800-candidatos-nas-eleicoes-2026\/\" \/>\n<meta property=\"og:locale\" content=\"pt_BR\" \/>\n<meta property=\"og:type\" content=\"article\" \/>\n<meta property=\"og:title\" content=\"Minas Gerais tem mais de 1.800 candidatos nas Elei\u00e7\u00f5es 2026 - Gazeta Ita\u00fana\" \/>\n<meta property=\"og:description\" content=\"Foto: divulga\u00e7\u00e3o Perfil de cada um pode ser consultado no sistema DivulgaCandContas Desde domingo, 16,\" \/>\n<meta property=\"og:url\" content=\"https:\/\/www.gazetaitauna.com.br\/site\/minas-gerais-tem-mais-de-1-800-candidatos-nas-eleicoes-2026\/\" \/>\n<meta property=\"og:site_name\" content=\"Gazeta Ita\u00fana\" \/>\n<meta property=\"article:publisher\" content=\"https:\/\/www.facebook.com\/gazetadeitauna\" \/>\n<meta property=\"article:published_time\" content=\"2026-08-17T17:44:36+00:00\" \/>\n<meta property=\"article:modified_time\" content=\"2026-08-17T17:45:21+00:00\" \/>\n<meta property=\"og:image\" content=\"https:\/\/www.gazetaitauna.com.br\/site\/wp-content\/uploads\/2026\/08\/image-15-e1786988567846.png\" \/>\n\t<meta property=\"og:image:width\" content=\"817\" \/>\n\t<meta property=\"og:image:height\" content=\"460\" \/>\n\t<meta property=\"og:image:type\" content=\"image\/png\" \/>\n<meta name=\"author\" content=\"Reda\u00e7\u00e3o\" \/>\n<meta name=\"twitter:card\" content=\"summary_large_image\" \/>\n<meta name=\"twitter:label1\" content=\"Escrito por\" \/>\n\t<meta name=\"twitter:data1\" content=\"Reda\u00e7\u00e3o\" \/>\n\t<meta name=\"twitter:label2\" content=\"Est. tempo de leitura\" \/>\n\t<meta name=\"twitter:data2\" content=\"4 minutos\" \/>\n<script type=\"application\/ld+json\" class=\"yoast-schema-graph\">{\"@context\":\"https:\\\/\\\/schema.org\",\"@graph\":[{\"@type\":\"Article\",\"@id\":\"https:\\\/\\\/www.gazetaitauna.com.br\\\/site\\\/minas-gerais-tem-mais-de-1-800-candidatos-nas-eleicoes-2026\\\/#article\",\"isPartOf\":{\"@id\":\"https:\\\/\\\/www.gazetaitauna.com.br\\\/site\\\/minas-gerais-tem-mais-de-1-800-candidatos-nas-eleicoes-2026\\\/\"},\"author\":{\"name\":\"Reda\u00e7\u00e3o\",\"@id\":\"https:\\\/\\\/www.gazetaitauna.com.br\\\/site\\\/#\\\/schema\\\/person\\\/83fac651809e5dec9550ff5ced432d71\"},\"headline\":\"Minas Gerais tem mais de 1.800 candidatos nas Elei\u00e7\u00f5es 2026\",\"datePublished\":\"2026-08-17T17:44:36+00:00\",\"dateModified\":\"2026-08-17T17:45:21+00:00\",\"mainEntityOfPage\":{\"@id\":\"https:\\\/\\\/www.gazetaitauna.com.br\\\/site\\\/minas-gerais-tem-mais-de-1-800-candidatos-nas-eleicoes-2026\\\/\"},\"wordCount\":572,\"commentCount\":0,\"publisher\":{\"@id\":\"https:\\\/\\\/www.gazetaitauna.com.br\\\/site\\\/#organization\"},\"image\":{\"@id\":\"https:\\\/\\\/www.gazetaitauna.com.br\\\/site\\\/minas-gerais-tem-mais-de-1-800-candidatos-nas-eleicoes-2026\\\/#primaryimage\"},\"thumbnailUrl\":\"https:\\\/\\\/www.gazetaitauna.com.br\\\/site\\\/wp-content\\\/uploads\\\/2026\\\/08\\\/image-15-e1786988567846.png\",\"keywords\":[\"Gazeta Ita\u00fana\",\"Ita\u00fana\\\/MG\"],\"articleSection\":[\"Minas Gerais\"],\"inLanguage\":\"pt-BR\",\"potentialAction\":[{\"@type\":\"CommentAction\",\"name\":\"Comment\",\"target\":[\"https:\\\/\\\/www.gazetaitauna.com.br\\\/site\\\/minas-gerais-tem-mais-de-1-800-candidatos-nas-eleicoes-2026\\\/#respond\"]}]},{\"@type\":\"WebPage\",\"@id\":\"https:\\\/\\\/www.gazetaitauna.com.br\\\/site\\\/minas-gerais-tem-mais-de-1-800-candidatos-nas-eleicoes-2026\\\/\",\"url\":\"https:\\\/\\\/www.gazetaitauna.com.br\\\/site\\\/minas-gerais-tem-mais-de-1-800-candidatos-nas-eleicoes-2026\\\/\",\"name\":\"Minas Gerais tem mais de 1.800 candidatos nas Elei\u00e7\u00f5es 2026 - Gazeta Ita\u00fana\",\"isPartOf\":{\"@id\":\"https:\\\/\\\/www.gazetaitauna.com.br\\\/site\\\/#website\"},\"primaryImageOfPage\":{\"@id\":\"https:\\\/\\\/www.gazetaitauna.com.br\\\/site\\\/minas-gerais-tem-mais-de-1-800-candidatos-nas-eleicoes-2026\\\/#primaryimage\"},\"image\":{\"@id\":\"https:\\\/\\\/www.gazetaitauna.com.br\\\/site\\\/minas-gerais-tem-mais-de-1-800-candidatos-nas-eleicoes-2026\\\/#primaryimage\"},\"thumbnailUrl\":\"https:\\\/\\\/www.gazetaitauna.com.br\\\/site\\\/wp-content\\\/uploads\\\/2026\\\/08\\\/image-15-e1786988567846.png\",\"datePublished\":\"2026-08-17T17:44:36+00:00\",\"dateModified\":\"2026-08-17T17:45:21+00:00\",\"breadcrumb\":{\"@id\":\"https:\\\/\\\/www.gazetaitauna.com.br\\\/site\\\/minas-gerais-tem-mais-de-1-800-candidatos-nas-eleicoes-2026\\\/#breadcrumb\"},\"inLanguage\":\"pt-BR\",\"potentialAction\":[{\"@type\":\"ReadAction\",\"target\":[\"https:\\\/\\\/www.gazetaitauna.com.br\\\/site\\\/minas-gerais-tem-mais-de-1-800-candidatos-nas-eleicoes-2026\\\/\"]}]},{\"@type\":\"ImageObject\",\"inLanguage\":\"pt-BR\",\"@id\":\"https:\\\/\\\/www.gazetaitauna.com.br\\\/site\\\/minas-gerais-tem-mais-de-1-800-candidatos-nas-eleicoes-2026\\\/#primaryimage\",\"url\":\"https:\\\/\\\/www.gazetaitauna.com.br\\\/site\\\/wp-content\\\/uploads\\\/2026\\\/08\\\/image-15-e1786988567846.png\",\"contentUrl\":\"https:\\\/\\\/www.gazetaitauna.com.br\\\/site\\\/wp-content\\\/uploads\\\/2026\\\/08\\\/image-15-e1786988567846.png\",\"width\":817,\"height\":460},{\"@type\":\"BreadcrumbList\",\"@id\":\"https:\\\/\\\/www.gazetaitauna.com.br\\\/site\\\/minas-gerais-tem-mais-de-1-800-candidatos-nas-eleicoes-2026\\\/#breadcrumb\",\"itemListElement\":[{\"@type\":\"ListItem\",\"position\":1,\"name\":\"In\u00edcio\",\"item\":\"https:\\\/\\\/www.gazetaitauna.com.br\\\/site\\\/\"},{\"@type\":\"ListItem\",\"position\":2,\"name\":\"Minas Gerais tem mais de 1.800 candidatos nas Elei\u00e7\u00f5es 2026\"}]},{\"@type\":\"WebSite\",\"@id\":\"https:\\\/\\\/www.gazetaitauna.com.br\\\/site\\\/#website\",\"url\":\"https:\\\/\\\/www.gazetaitauna.com.br\\\/site\\\/\",\"name\":\"Gazeta de Ita\u00fana\",\"description\":\"Jornal Ita\u00fana MG\",\"publisher\":{\"@id\":\"https:\\\/\\\/www.gazetaitauna.com.br\\\/site\\\/#organization\"},\"potentialAction\":[{\"@type\":\"SearchAction\",\"target\":{\"@type\":\"EntryPoint\",\"urlTemplate\":\"https:\\\/\\\/www.gazetaitauna.com.br\\\/site\\\/?s={search_term_string}\"},\"query-input\":{\"@type\":\"PropertyValueSpecification\",\"valueRequired\":true,\"valueName\":\"search_term_string\"}}],\"inLanguage\":\"pt-BR\"},{\"@type\":\"Organization\",\"@id\":\"https:\\\/\\\/www.gazetaitauna.com.br\\\/site\\\/#organization\",\"name\":\"Gazeta de Ita\u00fana\",\"url\":\"https:\\\/\\\/www.gazetaitauna.com.br\\\/site\\\/\",\"logo\":{\"@type\":\"ImageObject\",\"inLanguage\":\"pt-BR\",\"@id\":\"https:\\\/\\\/www.gazetaitauna.com.br\\\/site\\\/#\\\/schema\\\/logo\\\/image\\\/\",\"url\":\"https:\\\/\\\/www.gazetaitauna.com.br\\\/site\\\/wp-content\\\/uploads\\\/2020\\\/07\\\/gazeta-icone.png\",\"contentUrl\":\"https:\\\/\\\/www.gazetaitauna.com.br\\\/site\\\/wp-content\\\/uploads\\\/2020\\\/07\\\/gazeta-icone.png\",\"width\":592,\"height\":420,\"caption\":\"Gazeta de Ita\u00fana\"},\"image\":{\"@id\":\"https:\\\/\\\/www.gazetaitauna.com.br\\\/site\\\/#\\\/schema\\\/logo\\\/image\\\/\"},\"sameAs\":[\"https:\\\/\\\/www.facebook.com\\\/gazetadeitauna\",\"https:\\\/\\\/www.instagram.com\\\/gazetadeitauna\"]},{\"@type\":\"Person\",\"@id\":\"https:\\\/\\\/www.gazetaitauna.com.br\\\/site\\\/#\\\/schema\\\/person\\\/83fac651809e5dec9550ff5ced432d71\",\"name\":\"Reda\u00e7\u00e3o\",\"image\":{\"@type\":\"ImageObject\",\"inLanguage\":\"pt-BR\",\"@id\":\"https:\\\/\\\/www.gazetaitauna.com.br\\\/site\\\/wp-content\\\/uploads\\\/2020\\\/07\\\/reda\u00e7\u00e3o-1-150x150.png\",\"url\":\"https:\\\/\\\/www.gazetaitauna.com.br\\\/site\\\/wp-content\\\/uploads\\\/2020\\\/07\\\/reda\u00e7\u00e3o-1-150x150.png\",\"contentUrl\":\"https:\\\/\\\/www.gazetaitauna.com.br\\\/site\\\/wp-content\\\/uploads\\\/2020\\\/07\\\/reda\u00e7\u00e3o-1-150x150.png\",\"caption\":\"Reda\u00e7\u00e3o\"},\"url\":\"https:\\\/\\\/www.gazetaitauna.com.br\\\/site\\\/author\\\/redacao\\\/\"}]}<\/script>\n<!-- \/ Yoast SEO plugin. -->","yoast_head_json":{"title":"Minas Gerais tem mais de 1.800 candidatos nas Elei\u00e7\u00f5es 2026 - Gazeta Ita\u00fana","robots":{"index":"index","follow":"follow","max-snippet":"max-snippet:-1","max-image-preview":"max-image-preview:large","max-video-preview":"max-video-preview:-1"},"canonical":"https:\/\/www.gazetaitauna.com.br\/site\/minas-gerais-tem-mais-de-1-800-candidatos-nas-eleicoes-2026\/","og_locale":"pt_BR","og_type":"article","og_title":"Minas Gerais tem mais de 1.800 candidatos nas Elei\u00e7\u00f5es 2026 - Gazeta Ita\u00fana","og_description":"Foto: divulga\u00e7\u00e3o Perfil de cada um pode ser consultado no sistema DivulgaCandContas Desde domingo, 16,","og_url":"https:\/\/www.gazetaitauna.com.br\/site\/minas-gerais-tem-mais-de-1-800-candidatos-nas-eleicoes-2026\/","og_site_name":"Gazeta Ita\u00fana","article_publisher":"https:\/\/www.facebook.com\/gazetadeitauna","article_published_time":"2026-08-17T17:44:36+00:00","article_modified_time":"2026-08-17T17:45:21+00:00","og_image":[{"width":817,"height":460,"url":"https:\/\/www.gazetaitauna.com.br\/site\/wp-content\/uploads\/2026\/08\/image-15-e1786988567846.png","type":"image\/png"}],"author":"Reda\u00e7\u00e3o","twitter_card":"summary_large_image","twitter_misc":{"Escrito por":"Reda\u00e7\u00e3o","Est. tempo de leitura":"4 minutos"},"schema":{"@context":"https:\/\/schema.org","@graph":[{"@type":"Article","@id":"https:\/\/www.gazetaitauna.com.br\/site\/minas-gerais-tem-mais-de-1-800-candidatos-nas-eleicoes-2026\/#article","isPartOf":{"@id":"https:\/\/www.gazetaitauna.com.br\/site\/minas-gerais-tem-mais-de-1-800-candidatos-nas-eleicoes-2026\/"},"author":{"name":"Reda\u00e7\u00e3o","@id":"https:\/\/www.gazetaitauna.com.br\/site\/#\/schema\/person\/83fac651809e5dec9550ff5ced432d71"},"headline":"Minas Gerais tem mais de 1.800 candidatos nas Elei\u00e7\u00f5es 2026","datePublished":"2026-08-17T17:44:36+00:00","dateModified":"2026-08-17T17:45:21+00:00","mainEntityOfPage":{"@id":"https:\/\/www.gazetaitauna.com.br\/site\/minas-gerais-tem-mais-de-1-800-candidatos-nas-eleicoes-2026\/"},"wordCount":572,"commentCount":0,"publisher":{"@id":"https:\/\/www.gazetaitauna.com.br\/site\/#organization"},"image":{"@id":"https:\/\/www.gazetaitauna.com.br\/site\/minas-gerais-tem-mais-de-1-800-candidatos-nas-eleicoes-2026\/#primaryimage"},"thumbnailUrl":"https:\/\/www.gazetaitauna.com.br\/site\/wp-content\/uploads\/2026\/08\/image-15-e1786988567846.png","keywords":["Gazeta Ita\u00fana","Ita\u00fana\/MG"],"articleSection":["Minas Gerais"],"inLanguage":"pt-BR","potentialAction":[{"@type":"CommentAction","name":"Comment","target":["https:\/\/www.gazetaitauna.com.br\/site\/minas-gerais-tem-mais-de-1-800-candidatos-nas-eleicoes-2026\/#respond"]}]},{"@type":"WebPage","@id":"https:\/\/www.gazetaitauna.com.br\/site\/minas-gerais-tem-mais-de-1-800-candidatos-nas-eleicoes-2026\/","url":"https:\/\/www.gazetaitauna.com.br\/site\/minas-gerais-tem-mais-de-1-800-candidatos-nas-eleicoes-2026\/","name":"Minas Gerais tem mais de 1.800 candidatos nas Elei\u00e7\u00f5es 2026 - Gazeta Ita\u00fana","isPartOf":{"@id":"https:\/\/www.gazetaitauna.com.br\/site\/#website"},"primaryImageOfPage":{"@id":"https:\/\/www.gazetaitauna.com.br\/site\/minas-gerais-tem-mais-de-1-800-candidatos-nas-eleicoes-2026\/#primaryimage"},"image":{"@id":"https:\/\/www.gazetaitauna.com.br\/site\/minas-gerais-tem-mais-de-1-800-candidatos-nas-eleicoes-2026\/#primaryimage"},"thumbnailUrl":"https:\/\/www.gazetaitauna.com.br\/site\/wp-content\/uploads\/2026\/08\/image-15-e1786988567846.png","datePublished":"2026-08-17T17:44:36+00:00","dateModified":"2026-08-17T17:45:21+00:00","breadcrumb":{"@id":"https:\/\/www.gazetaitauna.com.br\/site\/minas-gerais-tem-mais-de-1-800-candidatos-nas-eleicoes-2026\/#breadcrumb"},"inLanguage":"pt-BR","potentialAction":[{"@type":"ReadAction","target":["https:\/\/www.gazetaitauna.com.br\/site\/minas-gerais-tem-mais-de-1-800-candidatos-nas-eleicoes-2026\/"]}]},{"@type":"ImageObject","inLanguage":"pt-BR","@id":"https:\/\/www.gazetaitauna.com.br\/site\/minas-gerais-tem-mais-de-1-800-candidatos-nas-eleicoes-2026\/#primaryimage","url":"https:\/\/www.gazetaitauna.com.br\/site\/wp-content\/uploads\/2026\/08\/image-15-e1786988567846.png","contentUrl":"https:\/\/www.gazetaitauna.com.br\/site\/wp-content\/uploads\/2026\/08\/image-15-e1786988567846.png","width":817,"height":460},{"@type":"BreadcrumbList","@id":"https:\/\/www.gazetaitauna.com.br\/site\/minas-gerais-tem-mais-de-1-800-candidatos-nas-eleicoes-2026\/#breadcrumb","itemListElement":[{"@type":"ListItem","position":1,"name":"In\u00edcio","item":"https:\/\/www.gazetaitauna.com.br\/site\/"},{"@type":"ListItem","position":2,"name":"Minas Gerais tem mais de 1.800 candidatos nas Elei\u00e7\u00f5es 2026"}]},{"@type":"WebSite","@id":"https:\/\/www.gazetaitauna.com.br\/site\/#website","url":"https:\/\/www.gazetaitauna.com.br\/site\/","name":"Gazeta de Ita\u00fana","description":"Jornal Ita\u00fana MG","publisher":{"@id":"https:\/\/www.gazetaitauna.com.br\/site\/#organization"},"potentialAction":[{"@type":"SearchAction","target":{"@type":"EntryPoint","urlTemplate":"https:\/\/www.gazetaitauna.com.br\/site\/?s={search_term_string}"},"query-input":{"@type":"PropertyValueSpecification","valueRequired":true,"valueName":"search_term_string"}}],"inLanguage":"pt-BR"},{"@type":"Organization","@id":"https:\/\/www.gazetaitauna.com.br\/site\/#organization","name":"Gazeta de Ita\u00fana","url":"https:\/\/www.gazetaitauna.com.br\/site\/","logo":{"@type":"ImageObject","inLanguage":"pt-BR","@id":"https:\/\/www.gazetaitauna.com.br\/site\/#\/schema\/logo\/image\/","url":"https:\/\/www.gazetaitauna.com.br\/site\/wp-content\/uploads\/2020\/07\/gazeta-icone.png","contentUrl":"https:\/\/www.gazetaitauna.com.br\/site\/wp-content\/uploads\/2020\/07\/gazeta-icone.png","width":592,"height":420,"caption":"Gazeta de Ita\u00fana"},"image":{"@id":"https:\/\/www.gazetaitauna.com.br\/site\/#\/schema\/logo\/image\/"},"sameAs":["https:\/\/www.facebook.com\/gazetadeitauna","https:\/\/www.instagram.com\/gazetadeitauna"]},{"@type":"Person","@id":"https:\/\/www.gazetaitauna.com.br\/site\/#\/schema\/person\/83fac651809e5dec9550ff5ced432d71","name":"Reda\u00e7\u00e3o","image":{"@type":"ImageObject","inLanguage":"pt-BR","@id":"https:\/\/www.gazetaitauna.com.br\/site\/wp-content\/uploads\/2020\/07\/reda\u00e7\u00e3o-1-150x150.png","url":"https:\/\/www.gazetaitauna.com.br\/site\/wp-content\/uploads\/2020\/07\/reda\u00e7\u00e3o-1-150x150.png","contentUrl":"https:\/\/www.gazetaitauna.com.br\/site\/wp-content\/uploads\/2020\/07\/reda\u00e7\u00e3o-1-150x150.png","caption":"Reda\u00e7\u00e3o"},"url":"https:\/\/www.gazetaitauna.com.br\/site\/author\/redacao\/"}]}},"jetpack_featured_media_url":"https:\/\/www.gazetaitauna.com.br\/site\/wp-content\/uploads\/2026\/08\/image-15-e1786988567846.png","jetpack_sharing_enabled":true,"_links":{"self":[{"href":"https:\/\/www.gazetaitauna.com.br\/site\/wp-json\/wp\/v2\/posts\/38283","targetHints":{"allow":["GET"]}}],"collection":[{"href":"https:\/\/www.gazetaitauna.com.br\/site\/wp-json\/wp\/v2\/posts"}],"about":[{"href":"https:\/\/www.gazetaitauna.com.br\/site\/wp-json\/wp\/v2\/types\/post"}],"author":[{"embeddable":true,"href":"https:\/\/www.gazetaitauna.com.br\/site\/wp-json\/wp\/v2\/users\/2"}],"replies":[{"embeddable":true,"href":"https:\/\/www.gazetaitauna.com.br\/site\/wp-json\/wp\/v2\/comments?post=38283"}],"version-history":[{"count":3,"href":"https:\/\/www.gazetaitauna.com.br\/site\/wp-json\/wp\/v2\/posts\/38283\/revisions"}],"predecessor-version":[{"id":38287,"href":"https:\/\/www.gazetaitauna.com.br\/site\/wp-json\/wp\/v2\/posts\/38283\/revisions\/38287"}],"wp:featuredmedia":[{"embeddable":true,"href":"https:\/\/www.gazetaitauna.com.br\/site\/wp-json\/wp\/v2\/media\/38284"}],"wp:attachment":[{"href":"https:\/\/www.gazetaitauna.com.br\/site\/wp-json\/wp\/v2\/media?parent=38283"}],"wp:term":[{"taxonomy":"category","embeddable":true,"href":"https:\/\/www.gazetaitauna.com.br\/site\/wp-json\/wp\/v2\/categories?post=38283"},{"taxonomy":"post_tag","embeddable":true,"href":"https:\/\/www.gazetaitauna.com.br\/site\/wp-json\/wp\/v2\/tags?post=38283"}],"curies":[{"name":"wp","href":"https:\/\/api.w.org\/{rel}","templated":true}]}}