{"id":38217,"date":"2026-08-07T15:43:31","date_gmt":"2026-08-07T18:43:31","guid":{"rendered":"https:\/\/www.gazetaitauna.com.br\/site\/?p=38217"},"modified":"2026-08-07T15:43:31","modified_gmt":"2026-08-07T18:43:31","slug":"justica-condena-homem-por-chamar-empresa-de-guincho-de-mafia-do-reboque-nas-redes-sociais-em-itauna","status":"publish","type":"post","link":"https:\/\/www.gazetaitauna.com.br\/site\/justica-condena-homem-por-chamar-empresa-de-guincho-de-mafia-do-reboque-nas-redes-sociais-em-itauna\/","title":{"rendered":"Justi\u00e7a condena homem por chamar empresa de guincho de &#8220;m\u00e1fia do reboque&#8221; nas redes sociais, em Ita\u00fana"},"content":{"rendered":"\n<p class=\"wp-block-paragraph\"><em>Imagens retiradas do perfil do homem condenado<\/em><\/p>\n\n\n\n<p class=\"wp-block-paragraph\">Um homem foi condenado pela Justi\u00e7a de Minas Gerais a pagar R$ 3 mil por danos morais ap\u00f3s publicar um v\u00eddeo nas redes sociais em que afirmava que a remo\u00e7\u00e3o de uma van, durante uma fiscaliza\u00e7\u00e3o no trevo do Padre Eust\u00e1quio, em Ita\u00fana, havia sido realizada de forma irregular. Nas publica\u00e7\u00f5es, ele tamb\u00e9m utilizou as express\u00f5es &#8220;m\u00e1fia do guincho&#8221; e &#8220;m\u00e1fia do reboque&#8221; para se referir ao respons\u00e1vel pela remo\u00e7\u00e3o do ve\u00edculo.<\/p>\n\n\n\n<p class=\"wp-block-paragraph\">A a\u00e7\u00e3o foi movida pelo propriet\u00e1rio da empresa de guincho, que alegou ter sofrido preju\u00edzos \u00e0 honra e \u00e0 imagem em raz\u00e3o das publica\u00e7\u00f5es. Em sua defesa, o homem sustentou que o v\u00eddeo apenas demonstrava sua insatisfa\u00e7\u00e3o com a forma como a remo\u00e7\u00e3o foi realizada e que n\u00e3o teve a inten\u00e7\u00e3o de ofender o empres\u00e1rio nem de atribuir a ele a pr\u00e1tica de qualquer crime.<\/p>\n\n\n\n<p class=\"wp-block-paragraph\">O caso teve origem em setembro de 2024, durante uma opera\u00e7\u00e3o de fiscaliza\u00e7\u00e3o realizada pelo Departamento de Estradas de Rodagem de Minas Gerais (DER-MG), no trevo do Padre Eust\u00e1quio, em Ita\u00fana. Na \u00e9poca, o \u00f3rg\u00e3o informou que a van foi removida porque estava com o licenciamento atrasado e era conduzida por um motorista sem habilita\u00e7\u00e3o.<\/p>\n\n\n\n<p class=\"wp-block-paragraph\">Segundo o processo, a empresa respons\u00e1vel pelo reboque sustentou que a remo\u00e7\u00e3o foi realizada dentro da legalidade, conforme prev\u00ea o C\u00f3digo de Tr\u00e2nsito Brasileiro (CTB) e a Resolu\u00e7\u00e3o n\u00ba 197\/2006 do Conselho Nacional de Tr\u00e2nsito (Contran), que regulamenta esse tipo de procedimento.<\/p>\n\n\n\n<p class=\"wp-block-paragraph\">As informa\u00e7\u00f5es foram confirmadas pelo Tribunal de Justi\u00e7a de Minas Gerais (TJMG). Na senten\u00e7a, o juiz M\u00e1rcio Bessa Nunes condenou o homem ao pagamento de R$ 3 mil por danos morais. Al\u00e9m da indeniza\u00e7\u00e3o, determinou que ele publique uma retrata\u00e7\u00e3o no mesmo perfil utilizado para divulgar o v\u00eddeo e remova todas as publica\u00e7\u00f5es que associem o propriet\u00e1rio da empresa \u00e0s express\u00f5es &#8220;m\u00e1fia do guincho&#8221; e &#8220;m\u00e1fia do reboque&#8221;. A decis\u00e3o ainda cabe recurso.<\/p>\n\n\n<div class=\"wp-block-image\">\n<figure class=\"aligncenter size-full\"><img fetchpriority=\"high\" decoding=\"async\" width=\"598\" height=\"601\" src=\"https:\/\/www.gazetaitauna.com.br\/site\/wp-content\/uploads\/2026\/08\/Captura-de-tela_7-8-2026_153929_www.instagram.com_-1.jpeg\" alt=\"\" class=\"wp-image-38221\" srcset=\"https:\/\/www.gazetaitauna.com.br\/site\/wp-content\/uploads\/2026\/08\/Captura-de-tela_7-8-2026_153929_www.instagram.com_-1.jpeg 598w, https:\/\/www.gazetaitauna.com.br\/site\/wp-content\/uploads\/2026\/08\/Captura-de-tela_7-8-2026_153929_www.instagram.com_-1-150x150.jpeg 150w\" sizes=\"(max-width: 598px) 100vw, 598px\" \/><\/figure>\n<\/div>\n\n\n<p class=\"wp-block-paragraph\">Durante a audi\u00eancia de instru\u00e7\u00e3o, o pr\u00f3prio r\u00e9u admitiu que gravou e publicou o v\u00eddeo e confirmou ser o autor das postagens que deram origem ao processo.&nbsp;Ao fundamentar a decis\u00e3o, o magistrado destacou que a liberdade de express\u00e3o \u00e9 um direito garantido pela Constitui\u00e7\u00e3o, mas possui limites quando atinge a honra, a imagem e a reputa\u00e7\u00e3o de outras pessoas.<\/p>\n\n\n\n<p class=\"wp-block-paragraph\">Para o juiz, embora o homem tivesse o direito de demonstrar insatisfa\u00e7\u00e3o com a remo\u00e7\u00e3o da van, ele poderia questionar a atua\u00e7\u00e3o administrativa sem direcionar ofensas pessoais ao respons\u00e1vel pelo servi\u00e7o.<\/p>\n\n\n\n<p class=\"wp-block-paragraph\">Na senten\u00e7a, o magistrado ressaltou que cr\u00edticas a atos administrativos s\u00e3o leg\u00edtimas, mas afirmou que associar nominalmente uma pessoa a express\u00f5es como &#8220;m\u00e1fia do guincho&#8221; extrapola o direito \u00e0 livre manifesta\u00e7\u00e3o do pensamento.<\/p>\n\n\n\n<p class=\"wp-block-paragraph\">Com esse entendimento, a Justi\u00e7a concluiu que as publica\u00e7\u00f5es violaram a honra e a imagem do propriet\u00e1rio da empresa. O valor da indeniza\u00e7\u00e3o foi fixado levando em considera\u00e7\u00e3o a repercuss\u00e3o das postagens, a gravidade das express\u00f5es utilizadas e o car\u00e1ter pedag\u00f3gico da condena\u00e7\u00e3o.<\/p>\n\n\n\n<p class=\"wp-block-paragraph\"><\/p>\n\n\n\n<p class=\"wp-block-paragraph\">Publicado do <a href=\"https:\/\/www.radiosantacruzfm\" target=\"_blank\" rel=\"noreferrer noopener\">R\u00e1dio Santa Cruz<\/a><\/p>\n","protected":false},"excerpt":{"rendered":"<p>Imagens retiradas do perfil do homem condenado Um homem foi condenado pela Justi\u00e7a de Minas<\/p>\n","protected":false},"author":2,"featured_media":38220,"comment_status":"open","ping_status":"open","sticky":false,"template":"","format":"standard","meta":{"_jetpack_newsletter_access":"","_jetpack_dont_email_post_to_subs":false,"_jetpack_newsletter_tier_id":0,"_jetpack_memberships_contains_paywalled_content":false,"_jetpack_feature_clip_id":0,"_jetpack_memberships_contains_paid_content":false,"footnotes":"","jetpack_post_was_ever_published":false},"categories":[295],"tags":[826,3136],"class_list":["post-38217","post","type-post","status-publish","format-standard","has-post-thumbnail","hentry","category-itauna","tag-gazeta-itauna-2","tag-itauna-mg-2"],"yoast_head":"<!-- This site is optimized with the Yoast SEO plugin v28.1 - https:\/\/yoast.com\/product\/yoast-seo-wordpress\/ -->\n<title>Justi\u00e7a condena homem por chamar empresa de guincho de &quot;m\u00e1fia do reboque&quot; nas redes sociais, em Ita\u00fana - Gazeta Ita\u00fana<\/title>\n<meta name=\"robots\" content=\"index, follow, max-snippet:-1, max-image-preview:large, max-video-preview:-1\" \/>\n<link rel=\"canonical\" href=\"https:\/\/www.gazetaitauna.com.br\/site\/justica-condena-homem-por-chamar-empresa-de-guincho-de-mafia-do-reboque-nas-redes-sociais-em-itauna\/\" \/>\n<meta property=\"og:locale\" content=\"pt_BR\" \/>\n<meta property=\"og:type\" content=\"article\" \/>\n<meta property=\"og:title\" content=\"Justi\u00e7a condena homem por chamar empresa de guincho de &quot;m\u00e1fia do reboque&quot; nas redes sociais, em Ita\u00fana - Gazeta Ita\u00fana\" \/>\n<meta property=\"og:description\" content=\"Imagens retiradas do perfil do homem condenado Um homem foi condenado pela Justi\u00e7a de Minas\" \/>\n<meta property=\"og:url\" content=\"https:\/\/www.gazetaitauna.com.br\/site\/justica-condena-homem-por-chamar-empresa-de-guincho-de-mafia-do-reboque-nas-redes-sociais-em-itauna\/\" \/>\n<meta property=\"og:site_name\" content=\"Gazeta Ita\u00fana\" \/>\n<meta property=\"article:publisher\" content=\"https:\/\/www.facebook.com\/gazetadeitauna\" \/>\n<meta property=\"article:published_time\" content=\"2026-08-07T18:43:31+00:00\" \/>\n<meta property=\"og:image\" content=\"https:\/\/www.gazetaitauna.com.br\/site\/wp-content\/uploads\/2026\/08\/Captura-de-tela_7-8-2026_154142_www.instagram.com_.jpeg\" \/>\n\t<meta property=\"og:image:width\" content=\"592\" \/>\n\t<meta property=\"og:image:height\" content=\"393\" \/>\n\t<meta property=\"og:image:type\" content=\"image\/jpeg\" \/>\n<meta name=\"author\" content=\"Reda\u00e7\u00e3o\" \/>\n<meta name=\"twitter:card\" content=\"summary_large_image\" \/>\n<meta name=\"twitter:label1\" content=\"Escrito por\" \/>\n\t<meta name=\"twitter:data1\" content=\"Reda\u00e7\u00e3o\" \/>\n\t<meta name=\"twitter:label2\" content=\"Est. tempo de leitura\" \/>\n\t<meta name=\"twitter:data2\" content=\"4 minutos\" \/>\n<script type=\"application\/ld+json\" class=\"yoast-schema-graph\">{\"@context\":\"https:\\\/\\\/schema.org\",\"@graph\":[{\"@type\":\"Article\",\"@id\":\"https:\\\/\\\/www.gazetaitauna.com.br\\\/site\\\/justica-condena-homem-por-chamar-empresa-de-guincho-de-mafia-do-reboque-nas-redes-sociais-em-itauna\\\/#article\",\"isPartOf\":{\"@id\":\"https:\\\/\\\/www.gazetaitauna.com.br\\\/site\\\/justica-condena-homem-por-chamar-empresa-de-guincho-de-mafia-do-reboque-nas-redes-sociais-em-itauna\\\/\"},\"author\":{\"name\":\"Reda\u00e7\u00e3o\",\"@id\":\"https:\\\/\\\/www.gazetaitauna.com.br\\\/site\\\/#\\\/schema\\\/person\\\/83fac651809e5dec9550ff5ced432d71\"},\"headline\":\"Justi\u00e7a condena homem por chamar empresa de guincho de &#8220;m\u00e1fia do reboque&#8221; nas redes sociais, em Ita\u00fana\",\"datePublished\":\"2026-08-07T18:43:31+00:00\",\"mainEntityOfPage\":{\"@id\":\"https:\\\/\\\/www.gazetaitauna.com.br\\\/site\\\/justica-condena-homem-por-chamar-empresa-de-guincho-de-mafia-do-reboque-nas-redes-sociais-em-itauna\\\/\"},\"wordCount\":584,\"commentCount\":0,\"publisher\":{\"@id\":\"https:\\\/\\\/www.gazetaitauna.com.br\\\/site\\\/#organization\"},\"image\":{\"@id\":\"https:\\\/\\\/www.gazetaitauna.com.br\\\/site\\\/justica-condena-homem-por-chamar-empresa-de-guincho-de-mafia-do-reboque-nas-redes-sociais-em-itauna\\\/#primaryimage\"},\"thumbnailUrl\":\"https:\\\/\\\/www.gazetaitauna.com.br\\\/site\\\/wp-content\\\/uploads\\\/2026\\\/08\\\/Captura-de-tela_7-8-2026_154142_www.instagram.com_.jpeg\",\"keywords\":[\"Gazeta Ita\u00fana\",\"Ita\u00fana\\\/MG\"],\"articleSection\":[\"Ita\u00fana\"],\"inLanguage\":\"pt-BR\",\"potentialAction\":[{\"@type\":\"CommentAction\",\"name\":\"Comment\",\"target\":[\"https:\\\/\\\/www.gazetaitauna.com.br\\\/site\\\/justica-condena-homem-por-chamar-empresa-de-guincho-de-mafia-do-reboque-nas-redes-sociais-em-itauna\\\/#respond\"]}]},{\"@type\":\"WebPage\",\"@id\":\"https:\\\/\\\/www.gazetaitauna.com.br\\\/site\\\/justica-condena-homem-por-chamar-empresa-de-guincho-de-mafia-do-reboque-nas-redes-sociais-em-itauna\\\/\",\"url\":\"https:\\\/\\\/www.gazetaitauna.com.br\\\/site\\\/justica-condena-homem-por-chamar-empresa-de-guincho-de-mafia-do-reboque-nas-redes-sociais-em-itauna\\\/\",\"name\":\"Justi\u00e7a condena homem por chamar empresa de guincho de \\\"m\u00e1fia do reboque\\\" nas redes sociais, em Ita\u00fana - Gazeta Ita\u00fana\",\"isPartOf\":{\"@id\":\"https:\\\/\\\/www.gazetaitauna.com.br\\\/site\\\/#website\"},\"primaryImageOfPage\":{\"@id\":\"https:\\\/\\\/www.gazetaitauna.com.br\\\/site\\\/justica-condena-homem-por-chamar-empresa-de-guincho-de-mafia-do-reboque-nas-redes-sociais-em-itauna\\\/#primaryimage\"},\"image\":{\"@id\":\"https:\\\/\\\/www.gazetaitauna.com.br\\\/site\\\/justica-condena-homem-por-chamar-empresa-de-guincho-de-mafia-do-reboque-nas-redes-sociais-em-itauna\\\/#primaryimage\"},\"thumbnailUrl\":\"https:\\\/\\\/www.gazetaitauna.com.br\\\/site\\\/wp-content\\\/uploads\\\/2026\\\/08\\\/Captura-de-tela_7-8-2026_154142_www.instagram.com_.jpeg\",\"datePublished\":\"2026-08-07T18:43:31+00:00\",\"breadcrumb\":{\"@id\":\"https:\\\/\\\/www.gazetaitauna.com.br\\\/site\\\/justica-condena-homem-por-chamar-empresa-de-guincho-de-mafia-do-reboque-nas-redes-sociais-em-itauna\\\/#breadcrumb\"},\"inLanguage\":\"pt-BR\",\"potentialAction\":[{\"@type\":\"ReadAction\",\"target\":[\"https:\\\/\\\/www.gazetaitauna.com.br\\\/site\\\/justica-condena-homem-por-chamar-empresa-de-guincho-de-mafia-do-reboque-nas-redes-sociais-em-itauna\\\/\"]}]},{\"@type\":\"ImageObject\",\"inLanguage\":\"pt-BR\",\"@id\":\"https:\\\/\\\/www.gazetaitauna.com.br\\\/site\\\/justica-condena-homem-por-chamar-empresa-de-guincho-de-mafia-do-reboque-nas-redes-sociais-em-itauna\\\/#primaryimage\",\"url\":\"https:\\\/\\\/www.gazetaitauna.com.br\\\/site\\\/wp-content\\\/uploads\\\/2026\\\/08\\\/Captura-de-tela_7-8-2026_154142_www.instagram.com_.jpeg\",\"contentUrl\":\"https:\\\/\\\/www.gazetaitauna.com.br\\\/site\\\/wp-content\\\/uploads\\\/2026\\\/08\\\/Captura-de-tela_7-8-2026_154142_www.instagram.com_.jpeg\",\"width\":592,\"height\":393},{\"@type\":\"BreadcrumbList\",\"@id\":\"https:\\\/\\\/www.gazetaitauna.com.br\\\/site\\\/justica-condena-homem-por-chamar-empresa-de-guincho-de-mafia-do-reboque-nas-redes-sociais-em-itauna\\\/#breadcrumb\",\"itemListElement\":[{\"@type\":\"ListItem\",\"position\":1,\"name\":\"In\u00edcio\",\"item\":\"https:\\\/\\\/www.gazetaitauna.com.br\\\/site\\\/\"},{\"@type\":\"ListItem\",\"position\":2,\"name\":\"Justi\u00e7a condena homem por chamar empresa de guincho de &#8220;m\u00e1fia do reboque&#8221; nas redes sociais, em Ita\u00fana\"}]},{\"@type\":\"WebSite\",\"@id\":\"https:\\\/\\\/www.gazetaitauna.com.br\\\/site\\\/#website\",\"url\":\"https:\\\/\\\/www.gazetaitauna.com.br\\\/site\\\/\",\"name\":\"Gazeta de Ita\u00fana\",\"description\":\"Jornal Ita\u00fana MG\",\"publisher\":{\"@id\":\"https:\\\/\\\/www.gazetaitauna.com.br\\\/site\\\/#organization\"},\"potentialAction\":[{\"@type\":\"SearchAction\",\"target\":{\"@type\":\"EntryPoint\",\"urlTemplate\":\"https:\\\/\\\/www.gazetaitauna.com.br\\\/site\\\/?s={search_term_string}\"},\"query-input\":{\"@type\":\"PropertyValueSpecification\",\"valueRequired\":true,\"valueName\":\"search_term_string\"}}],\"inLanguage\":\"pt-BR\"},{\"@type\":\"Organization\",\"@id\":\"https:\\\/\\\/www.gazetaitauna.com.br\\\/site\\\/#organization\",\"name\":\"Gazeta de Ita\u00fana\",\"url\":\"https:\\\/\\\/www.gazetaitauna.com.br\\\/site\\\/\",\"logo\":{\"@type\":\"ImageObject\",\"inLanguage\":\"pt-BR\",\"@id\":\"https:\\\/\\\/www.gazetaitauna.com.br\\\/site\\\/#\\\/schema\\\/logo\\\/image\\\/\",\"url\":\"https:\\\/\\\/www.gazetaitauna.com.br\\\/site\\\/wp-content\\\/uploads\\\/2020\\\/07\\\/gazeta-icone.png\",\"contentUrl\":\"https:\\\/\\\/www.gazetaitauna.com.br\\\/site\\\/wp-content\\\/uploads\\\/2020\\\/07\\\/gazeta-icone.png\",\"width\":592,\"height\":420,\"caption\":\"Gazeta de Ita\u00fana\"},\"image\":{\"@id\":\"https:\\\/\\\/www.gazetaitauna.com.br\\\/site\\\/#\\\/schema\\\/logo\\\/image\\\/\"},\"sameAs\":[\"https:\\\/\\\/www.facebook.com\\\/gazetadeitauna\",\"https:\\\/\\\/www.instagram.com\\\/gazetadeitauna\"]},{\"@type\":\"Person\",\"@id\":\"https:\\\/\\\/www.gazetaitauna.com.br\\\/site\\\/#\\\/schema\\\/person\\\/83fac651809e5dec9550ff5ced432d71\",\"name\":\"Reda\u00e7\u00e3o\",\"image\":{\"@type\":\"ImageObject\",\"inLanguage\":\"pt-BR\",\"@id\":\"https:\\\/\\\/www.gazetaitauna.com.br\\\/site\\\/wp-content\\\/uploads\\\/2020\\\/07\\\/reda\u00e7\u00e3o-1-150x150.png\",\"url\":\"https:\\\/\\\/www.gazetaitauna.com.br\\\/site\\\/wp-content\\\/uploads\\\/2020\\\/07\\\/reda\u00e7\u00e3o-1-150x150.png\",\"contentUrl\":\"https:\\\/\\\/www.gazetaitauna.com.br\\\/site\\\/wp-content\\\/uploads\\\/2020\\\/07\\\/reda\u00e7\u00e3o-1-150x150.png\",\"caption\":\"Reda\u00e7\u00e3o\"},\"url\":\"https:\\\/\\\/www.gazetaitauna.com.br\\\/site\\\/author\\\/redacao\\\/\"}]}<\/script>\n<!-- \/ Yoast SEO plugin. -->","yoast_head_json":{"title":"Justi\u00e7a condena homem por chamar empresa de guincho de \"m\u00e1fia do reboque\" nas redes sociais, em Ita\u00fana - Gazeta Ita\u00fana","robots":{"index":"index","follow":"follow","max-snippet":"max-snippet:-1","max-image-preview":"max-image-preview:large","max-video-preview":"max-video-preview:-1"},"canonical":"https:\/\/www.gazetaitauna.com.br\/site\/justica-condena-homem-por-chamar-empresa-de-guincho-de-mafia-do-reboque-nas-redes-sociais-em-itauna\/","og_locale":"pt_BR","og_type":"article","og_title":"Justi\u00e7a condena homem por chamar empresa de guincho de \"m\u00e1fia do reboque\" nas redes sociais, em Ita\u00fana - Gazeta Ita\u00fana","og_description":"Imagens retiradas do perfil do homem condenado Um homem foi condenado pela Justi\u00e7a de Minas","og_url":"https:\/\/www.gazetaitauna.com.br\/site\/justica-condena-homem-por-chamar-empresa-de-guincho-de-mafia-do-reboque-nas-redes-sociais-em-itauna\/","og_site_name":"Gazeta Ita\u00fana","article_publisher":"https:\/\/www.facebook.com\/gazetadeitauna","article_published_time":"2026-08-07T18:43:31+00:00","og_image":[{"width":592,"height":393,"url":"https:\/\/www.gazetaitauna.com.br\/site\/wp-content\/uploads\/2026\/08\/Captura-de-tela_7-8-2026_154142_www.instagram.com_.jpeg","type":"image\/jpeg"}],"author":"Reda\u00e7\u00e3o","twitter_card":"summary_large_image","twitter_misc":{"Escrito por":"Reda\u00e7\u00e3o","Est. tempo de leitura":"4 minutos"},"schema":{"@context":"https:\/\/schema.org","@graph":[{"@type":"Article","@id":"https:\/\/www.gazetaitauna.com.br\/site\/justica-condena-homem-por-chamar-empresa-de-guincho-de-mafia-do-reboque-nas-redes-sociais-em-itauna\/#article","isPartOf":{"@id":"https:\/\/www.gazetaitauna.com.br\/site\/justica-condena-homem-por-chamar-empresa-de-guincho-de-mafia-do-reboque-nas-redes-sociais-em-itauna\/"},"author":{"name":"Reda\u00e7\u00e3o","@id":"https:\/\/www.gazetaitauna.com.br\/site\/#\/schema\/person\/83fac651809e5dec9550ff5ced432d71"},"headline":"Justi\u00e7a condena homem por chamar empresa de guincho de &#8220;m\u00e1fia do reboque&#8221; nas redes sociais, em Ita\u00fana","datePublished":"2026-08-07T18:43:31+00:00","mainEntityOfPage":{"@id":"https:\/\/www.gazetaitauna.com.br\/site\/justica-condena-homem-por-chamar-empresa-de-guincho-de-mafia-do-reboque-nas-redes-sociais-em-itauna\/"},"wordCount":584,"commentCount":0,"publisher":{"@id":"https:\/\/www.gazetaitauna.com.br\/site\/#organization"},"image":{"@id":"https:\/\/www.gazetaitauna.com.br\/site\/justica-condena-homem-por-chamar-empresa-de-guincho-de-mafia-do-reboque-nas-redes-sociais-em-itauna\/#primaryimage"},"thumbnailUrl":"https:\/\/www.gazetaitauna.com.br\/site\/wp-content\/uploads\/2026\/08\/Captura-de-tela_7-8-2026_154142_www.instagram.com_.jpeg","keywords":["Gazeta Ita\u00fana","Ita\u00fana\/MG"],"articleSection":["Ita\u00fana"],"inLanguage":"pt-BR","potentialAction":[{"@type":"CommentAction","name":"Comment","target":["https:\/\/www.gazetaitauna.com.br\/site\/justica-condena-homem-por-chamar-empresa-de-guincho-de-mafia-do-reboque-nas-redes-sociais-em-itauna\/#respond"]}]},{"@type":"WebPage","@id":"https:\/\/www.gazetaitauna.com.br\/site\/justica-condena-homem-por-chamar-empresa-de-guincho-de-mafia-do-reboque-nas-redes-sociais-em-itauna\/","url":"https:\/\/www.gazetaitauna.com.br\/site\/justica-condena-homem-por-chamar-empresa-de-guincho-de-mafia-do-reboque-nas-redes-sociais-em-itauna\/","name":"Justi\u00e7a condena homem por chamar empresa de guincho de \"m\u00e1fia do reboque\" nas redes sociais, em Ita\u00fana - Gazeta Ita\u00fana","isPartOf":{"@id":"https:\/\/www.gazetaitauna.com.br\/site\/#website"},"primaryImageOfPage":{"@id":"https:\/\/www.gazetaitauna.com.br\/site\/justica-condena-homem-por-chamar-empresa-de-guincho-de-mafia-do-reboque-nas-redes-sociais-em-itauna\/#primaryimage"},"image":{"@id":"https:\/\/www.gazetaitauna.com.br\/site\/justica-condena-homem-por-chamar-empresa-de-guincho-de-mafia-do-reboque-nas-redes-sociais-em-itauna\/#primaryimage"},"thumbnailUrl":"https:\/\/www.gazetaitauna.com.br\/site\/wp-content\/uploads\/2026\/08\/Captura-de-tela_7-8-2026_154142_www.instagram.com_.jpeg","datePublished":"2026-08-07T18:43:31+00:00","breadcrumb":{"@id":"https:\/\/www.gazetaitauna.com.br\/site\/justica-condena-homem-por-chamar-empresa-de-guincho-de-mafia-do-reboque-nas-redes-sociais-em-itauna\/#breadcrumb"},"inLanguage":"pt-BR","potentialAction":[{"@type":"ReadAction","target":["https:\/\/www.gazetaitauna.com.br\/site\/justica-condena-homem-por-chamar-empresa-de-guincho-de-mafia-do-reboque-nas-redes-sociais-em-itauna\/"]}]},{"@type":"ImageObject","inLanguage":"pt-BR","@id":"https:\/\/www.gazetaitauna.com.br\/site\/justica-condena-homem-por-chamar-empresa-de-guincho-de-mafia-do-reboque-nas-redes-sociais-em-itauna\/#primaryimage","url":"https:\/\/www.gazetaitauna.com.br\/site\/wp-content\/uploads\/2026\/08\/Captura-de-tela_7-8-2026_154142_www.instagram.com_.jpeg","contentUrl":"https:\/\/www.gazetaitauna.com.br\/site\/wp-content\/uploads\/2026\/08\/Captura-de-tela_7-8-2026_154142_www.instagram.com_.jpeg","width":592,"height":393},{"@type":"BreadcrumbList","@id":"https:\/\/www.gazetaitauna.com.br\/site\/justica-condena-homem-por-chamar-empresa-de-guincho-de-mafia-do-reboque-nas-redes-sociais-em-itauna\/#breadcrumb","itemListElement":[{"@type":"ListItem","position":1,"name":"In\u00edcio","item":"https:\/\/www.gazetaitauna.com.br\/site\/"},{"@type":"ListItem","position":2,"name":"Justi\u00e7a condena homem por chamar empresa de guincho de &#8220;m\u00e1fia do reboque&#8221; nas redes sociais, em Ita\u00fana"}]},{"@type":"WebSite","@id":"https:\/\/www.gazetaitauna.com.br\/site\/#website","url":"https:\/\/www.gazetaitauna.com.br\/site\/","name":"Gazeta de Ita\u00fana","description":"Jornal Ita\u00fana MG","publisher":{"@id":"https:\/\/www.gazetaitauna.com.br\/site\/#organization"},"potentialAction":[{"@type":"SearchAction","target":{"@type":"EntryPoint","urlTemplate":"https:\/\/www.gazetaitauna.com.br\/site\/?s={search_term_string}"},"query-input":{"@type":"PropertyValueSpecification","valueRequired":true,"valueName":"search_term_string"}}],"inLanguage":"pt-BR"},{"@type":"Organization","@id":"https:\/\/www.gazetaitauna.com.br\/site\/#organization","name":"Gazeta de Ita\u00fana","url":"https:\/\/www.gazetaitauna.com.br\/site\/","logo":{"@type":"ImageObject","inLanguage":"pt-BR","@id":"https:\/\/www.gazetaitauna.com.br\/site\/#\/schema\/logo\/image\/","url":"https:\/\/www.gazetaitauna.com.br\/site\/wp-content\/uploads\/2020\/07\/gazeta-icone.png","contentUrl":"https:\/\/www.gazetaitauna.com.br\/site\/wp-content\/uploads\/2020\/07\/gazeta-icone.png","width":592,"height":420,"caption":"Gazeta de Ita\u00fana"},"image":{"@id":"https:\/\/www.gazetaitauna.com.br\/site\/#\/schema\/logo\/image\/"},"sameAs":["https:\/\/www.facebook.com\/gazetadeitauna","https:\/\/www.instagram.com\/gazetadeitauna"]},{"@type":"Person","@id":"https:\/\/www.gazetaitauna.com.br\/site\/#\/schema\/person\/83fac651809e5dec9550ff5ced432d71","name":"Reda\u00e7\u00e3o","image":{"@type":"ImageObject","inLanguage":"pt-BR","@id":"https:\/\/www.gazetaitauna.com.br\/site\/wp-content\/uploads\/2020\/07\/reda\u00e7\u00e3o-1-150x150.png","url":"https:\/\/www.gazetaitauna.com.br\/site\/wp-content\/uploads\/2020\/07\/reda\u00e7\u00e3o-1-150x150.png","contentUrl":"https:\/\/www.gazetaitauna.com.br\/site\/wp-content\/uploads\/2020\/07\/reda\u00e7\u00e3o-1-150x150.png","caption":"Reda\u00e7\u00e3o"},"url":"https:\/\/www.gazetaitauna.com.br\/site\/author\/redacao\/"}]}},"jetpack_featured_media_url":"https:\/\/www.gazetaitauna.com.br\/site\/wp-content\/uploads\/2026\/08\/Captura-de-tela_7-8-2026_154142_www.instagram.com_.jpeg","jetpack_sharing_enabled":true,"_links":{"self":[{"href":"https:\/\/www.gazetaitauna.com.br\/site\/wp-json\/wp\/v2\/posts\/38217","targetHints":{"allow":["GET"]}}],"collection":[{"href":"https:\/\/www.gazetaitauna.com.br\/site\/wp-json\/wp\/v2\/posts"}],"about":[{"href":"https:\/\/www.gazetaitauna.com.br\/site\/wp-json\/wp\/v2\/types\/post"}],"author":[{"embeddable":true,"href":"https:\/\/www.gazetaitauna.com.br\/site\/wp-json\/wp\/v2\/users\/2"}],"replies":[{"embeddable":true,"href":"https:\/\/www.gazetaitauna.com.br\/site\/wp-json\/wp\/v2\/comments?post=38217"}],"version-history":[{"count":1,"href":"https:\/\/www.gazetaitauna.com.br\/site\/wp-json\/wp\/v2\/posts\/38217\/revisions"}],"predecessor-version":[{"id":38222,"href":"https:\/\/www.gazetaitauna.com.br\/site\/wp-json\/wp\/v2\/posts\/38217\/revisions\/38222"}],"wp:featuredmedia":[{"embeddable":true,"href":"https:\/\/www.gazetaitauna.com.br\/site\/wp-json\/wp\/v2\/media\/38220"}],"wp:attachment":[{"href":"https:\/\/www.gazetaitauna.com.br\/site\/wp-json\/wp\/v2\/media?parent=38217"}],"wp:term":[{"taxonomy":"category","embeddable":true,"href":"https:\/\/www.gazetaitauna.com.br\/site\/wp-json\/wp\/v2\/categories?post=38217"},{"taxonomy":"post_tag","embeddable":true,"href":"https:\/\/www.gazetaitauna.com.br\/site\/wp-json\/wp\/v2\/tags?post=38217"}],"curies":[{"name":"wp","href":"https:\/\/api.w.org\/{rel}","templated":true}]}}