{"id":38196,"date":"2026-08-06T16:06:05","date_gmt":"2026-08-06T19:06:05","guid":{"rendered":"https:\/\/www.gazetaitauna.com.br\/site\/?p=38196"},"modified":"2026-08-06T16:06:07","modified_gmt":"2026-08-06T19:06:07","slug":"video-crianca-de-3-anos-chora-para-nao-ir-para-a-casa-do-pai-horas-depois-estava-morto-laudo-aponta-tortura","status":"publish","type":"post","link":"https:\/\/www.gazetaitauna.com.br\/site\/video-crianca-de-3-anos-chora-para-nao-ir-para-a-casa-do-pai-horas-depois-estava-morto-laudo-aponta-tortura\/","title":{"rendered":"V\u00eddeo: crian\u00e7a de 3 anos chora para n\u00e3o ir para a casa do pai; horas depois estava morto. Laudo aponta tortura"},"content":{"rendered":"\n<p class=\"wp-block-paragraph\"><em>Foto e v\u00eddeo: redes sociais<\/em><\/p>\n\n\n\n<p class=\"wp-block-paragraph\">A m\u00e3e de um menino, Gustavo, de tr\u00eas anos gravou o momento que a crian\u00e7a diz que n\u00e3o quer ir para a casa do pai, que tem nova fam\u00edlia. O v\u00eddeo foi feito no s\u00e1bado, 1\u00ba; na segunda-feira, 3, o garoto estava morto. O suspeito de ter matado o garoto \u00e9 o pr\u00f3prio pai, o advogado Igor Gustavo Veloso de Souza, de 33 anos. O crime aconteceu em Palmas, no Tocantins.<\/p>\n\n\n\n<p class=\"wp-block-paragraph\">Na segunda-feira, o pai procurou a pol\u00edcia para registrar a morte do filho por afogamento. Segundo seu depoimento, ele tirou a crian\u00e7a da piscina, no domingo, 2, e depois de prestar os primeiros socorros, ela pareceu bem e a colocou para dormir. Ele s\u00f3 viu que o menino havia falecido, na manh\u00e3 seguinte.<\/p>\n\n\n\n<figure class=\"wp-block-video\"><video height=\"1440\" style=\"aspect-ratio: 1080 \/ 1440;\" width=\"1080\" controls src=\"https:\/\/www.gazetaitauna.com.br\/site\/wp-content\/uploads\/2026\/08\/POSTAGEM-INSTAGRAM-GAZETA-3.mp4\"><\/video><\/figure>\n\n\n\n<p class=\"wp-block-paragraph\">Per\u00edcia feita no corpo da crian\u00e7a mostrou ferimentos na cabe\u00e7a e no corpo, indicando, segundo o laudo,&nbsp;sucessivas les\u00f5es e&nbsp;atos de tortura. A per\u00edcia apontou ainda ferimentos no \u00e2nus da crian\u00e7a, mas n\u00e3o se sabe ainda se foram provocados por abuso sexual ou algum objeto.<\/p>\n\n\n\n<p class=\"wp-block-paragraph\">\u201cNo exame preliminar, a causa da morte, aparentemente, foi por lacera\u00e7\u00e3o intestinal e sangue. Ele teve hemorragia interna e externa, o que levou \u00e0 causa da morte\u201d, segundo o m\u00e9dico que fez a per\u00edcia.<\/p>\n\n\n\n<p class=\"wp-block-paragraph\">O pai e a madrasta, de 23 anos, foram presos na noite desta quarta-feira, 5. Ela foi presa porque n\u00e3o interrompeu a sess\u00e3o de tortura imposta \u00e0 crian\u00e7a. O pai continua preso, mas a madrasta cumpre pris\u00e3o em casa porque amamenta um beb\u00ea.<\/p>\n\n\n\n<p class=\"wp-block-paragraph\">A advogada da m\u00e3e de Gustavo, Sabrina Silva, esclareceu que as visitas ao pai foram determinadas pela Justi\u00e7a. A m\u00e3e move ainda uma a\u00e7\u00e3o contra o pai por causa de pens\u00e3o aliment\u00edcia.<\/p>\n","protected":false},"excerpt":{"rendered":"<p>Foto e v\u00eddeo: redes sociais A m\u00e3e de um menino, Gustavo, de tr\u00eas anos gravou<\/p>\n","protected":false},"author":2,"featured_media":38200,"comment_status":"open","ping_status":"open","sticky":false,"template":"","format":"standard","meta":{"_jetpack_newsletter_access":"","_jetpack_dont_email_post_to_subs":false,"_jetpack_newsletter_tier_id":0,"_jetpack_memberships_contains_paywalled_content":false,"_jetpack_feature_clip_id":0,"_jetpack_memberships_contains_paid_content":false,"footnotes":"","jetpack_post_was_ever_published":false},"categories":[368],"tags":[826,3136],"class_list":["post-38196","post","type-post","status-publish","format-standard","has-post-thumbnail","hentry","category-brasil","tag-gazeta-itauna-2","tag-itauna-mg-2"],"yoast_head":"<!-- This site is optimized with the Yoast SEO plugin v28.1 - https:\/\/yoast.com\/product\/yoast-seo-wordpress\/ -->\n<title>V\u00eddeo: crian\u00e7a de 3 anos chora para n\u00e3o ir para a casa do pai; horas depois estava morto. Laudo aponta tortura - Gazeta Ita\u00fana<\/title>\n<meta name=\"robots\" content=\"index, follow, max-snippet:-1, max-image-preview:large, max-video-preview:-1\" \/>\n<link rel=\"canonical\" href=\"https:\/\/www.gazetaitauna.com.br\/site\/video-crianca-de-3-anos-chora-para-nao-ir-para-a-casa-do-pai-horas-depois-estava-morto-laudo-aponta-tortura\/\" \/>\n<meta property=\"og:locale\" content=\"pt_BR\" \/>\n<meta property=\"og:type\" content=\"article\" \/>\n<meta property=\"og:title\" content=\"V\u00eddeo: crian\u00e7a de 3 anos chora para n\u00e3o ir para a casa do pai; horas depois estava morto. Laudo aponta tortura - Gazeta Ita\u00fana\" \/>\n<meta property=\"og:description\" content=\"Foto e v\u00eddeo: redes sociais A m\u00e3e de um menino, Gustavo, de tr\u00eas anos gravou\" \/>\n<meta property=\"og:url\" content=\"https:\/\/www.gazetaitauna.com.br\/site\/video-crianca-de-3-anos-chora-para-nao-ir-para-a-casa-do-pai-horas-depois-estava-morto-laudo-aponta-tortura\/\" \/>\n<meta property=\"og:site_name\" content=\"Gazeta Ita\u00fana\" \/>\n<meta property=\"article:publisher\" content=\"https:\/\/www.facebook.com\/gazetadeitauna\" \/>\n<meta property=\"article:published_time\" content=\"2026-08-06T19:06:05+00:00\" \/>\n<meta property=\"article:modified_time\" content=\"2026-08-06T19:06:07+00:00\" \/>\n<meta property=\"og:image\" content=\"https:\/\/www.gazetaitauna.com.br\/site\/wp-content\/uploads\/2026\/08\/image-8-e1786043086314.png\" \/>\n\t<meta property=\"og:image:width\" content=\"690\" \/>\n\t<meta property=\"og:image:height\" content=\"460\" \/>\n\t<meta property=\"og:image:type\" content=\"image\/png\" \/>\n<meta name=\"author\" content=\"Reda\u00e7\u00e3o\" \/>\n<meta name=\"twitter:card\" content=\"summary_large_image\" \/>\n<meta name=\"twitter:label1\" content=\"Escrito por\" \/>\n\t<meta name=\"twitter:data1\" content=\"Reda\u00e7\u00e3o\" \/>\n\t<meta name=\"twitter:label2\" content=\"Est. tempo de leitura\" \/>\n\t<meta name=\"twitter:data2\" content=\"2 minutos\" \/>\n<script type=\"application\/ld+json\" class=\"yoast-schema-graph\">{\"@context\":\"https:\\\/\\\/schema.org\",\"@graph\":[{\"@type\":\"Article\",\"@id\":\"https:\\\/\\\/www.gazetaitauna.com.br\\\/site\\\/video-crianca-de-3-anos-chora-para-nao-ir-para-a-casa-do-pai-horas-depois-estava-morto-laudo-aponta-tortura\\\/#article\",\"isPartOf\":{\"@id\":\"https:\\\/\\\/www.gazetaitauna.com.br\\\/site\\\/video-crianca-de-3-anos-chora-para-nao-ir-para-a-casa-do-pai-horas-depois-estava-morto-laudo-aponta-tortura\\\/\"},\"author\":{\"name\":\"Reda\u00e7\u00e3o\",\"@id\":\"https:\\\/\\\/www.gazetaitauna.com.br\\\/site\\\/#\\\/schema\\\/person\\\/83fac651809e5dec9550ff5ced432d71\"},\"headline\":\"V\u00eddeo: crian\u00e7a de 3 anos chora para n\u00e3o ir para a casa do pai; horas depois estava morto. Laudo aponta tortura\",\"datePublished\":\"2026-08-06T19:06:05+00:00\",\"dateModified\":\"2026-08-06T19:06:07+00:00\",\"mainEntityOfPage\":{\"@id\":\"https:\\\/\\\/www.gazetaitauna.com.br\\\/site\\\/video-crianca-de-3-anos-chora-para-nao-ir-para-a-casa-do-pai-horas-depois-estava-morto-laudo-aponta-tortura\\\/\"},\"wordCount\":331,\"commentCount\":0,\"publisher\":{\"@id\":\"https:\\\/\\\/www.gazetaitauna.com.br\\\/site\\\/#organization\"},\"image\":{\"@id\":\"https:\\\/\\\/www.gazetaitauna.com.br\\\/site\\\/video-crianca-de-3-anos-chora-para-nao-ir-para-a-casa-do-pai-horas-depois-estava-morto-laudo-aponta-tortura\\\/#primaryimage\"},\"thumbnailUrl\":\"https:\\\/\\\/www.gazetaitauna.com.br\\\/site\\\/wp-content\\\/uploads\\\/2026\\\/08\\\/image-8-e1786043086314.png\",\"keywords\":[\"Gazeta Ita\u00fana\",\"Ita\u00fana\\\/MG\"],\"articleSection\":[\"Brasil\"],\"inLanguage\":\"pt-BR\",\"potentialAction\":[{\"@type\":\"CommentAction\",\"name\":\"Comment\",\"target\":[\"https:\\\/\\\/www.gazetaitauna.com.br\\\/site\\\/video-crianca-de-3-anos-chora-para-nao-ir-para-a-casa-do-pai-horas-depois-estava-morto-laudo-aponta-tortura\\\/#respond\"]}]},{\"@type\":\"WebPage\",\"@id\":\"https:\\\/\\\/www.gazetaitauna.com.br\\\/site\\\/video-crianca-de-3-anos-chora-para-nao-ir-para-a-casa-do-pai-horas-depois-estava-morto-laudo-aponta-tortura\\\/\",\"url\":\"https:\\\/\\\/www.gazetaitauna.com.br\\\/site\\\/video-crianca-de-3-anos-chora-para-nao-ir-para-a-casa-do-pai-horas-depois-estava-morto-laudo-aponta-tortura\\\/\",\"name\":\"V\u00eddeo: crian\u00e7a de 3 anos chora para n\u00e3o ir para a casa do pai; horas depois estava morto. Laudo aponta tortura - Gazeta Ita\u00fana\",\"isPartOf\":{\"@id\":\"https:\\\/\\\/www.gazetaitauna.com.br\\\/site\\\/#website\"},\"primaryImageOfPage\":{\"@id\":\"https:\\\/\\\/www.gazetaitauna.com.br\\\/site\\\/video-crianca-de-3-anos-chora-para-nao-ir-para-a-casa-do-pai-horas-depois-estava-morto-laudo-aponta-tortura\\\/#primaryimage\"},\"image\":{\"@id\":\"https:\\\/\\\/www.gazetaitauna.com.br\\\/site\\\/video-crianca-de-3-anos-chora-para-nao-ir-para-a-casa-do-pai-horas-depois-estava-morto-laudo-aponta-tortura\\\/#primaryimage\"},\"thumbnailUrl\":\"https:\\\/\\\/www.gazetaitauna.com.br\\\/site\\\/wp-content\\\/uploads\\\/2026\\\/08\\\/image-8-e1786043086314.png\",\"datePublished\":\"2026-08-06T19:06:05+00:00\",\"dateModified\":\"2026-08-06T19:06:07+00:00\",\"breadcrumb\":{\"@id\":\"https:\\\/\\\/www.gazetaitauna.com.br\\\/site\\\/video-crianca-de-3-anos-chora-para-nao-ir-para-a-casa-do-pai-horas-depois-estava-morto-laudo-aponta-tortura\\\/#breadcrumb\"},\"inLanguage\":\"pt-BR\",\"potentialAction\":[{\"@type\":\"ReadAction\",\"target\":[\"https:\\\/\\\/www.gazetaitauna.com.br\\\/site\\\/video-crianca-de-3-anos-chora-para-nao-ir-para-a-casa-do-pai-horas-depois-estava-morto-laudo-aponta-tortura\\\/\"]}]},{\"@type\":\"ImageObject\",\"inLanguage\":\"pt-BR\",\"@id\":\"https:\\\/\\\/www.gazetaitauna.com.br\\\/site\\\/video-crianca-de-3-anos-chora-para-nao-ir-para-a-casa-do-pai-horas-depois-estava-morto-laudo-aponta-tortura\\\/#primaryimage\",\"url\":\"https:\\\/\\\/www.gazetaitauna.com.br\\\/site\\\/wp-content\\\/uploads\\\/2026\\\/08\\\/image-8-e1786043086314.png\",\"contentUrl\":\"https:\\\/\\\/www.gazetaitauna.com.br\\\/site\\\/wp-content\\\/uploads\\\/2026\\\/08\\\/image-8-e1786043086314.png\",\"width\":690,\"height\":460},{\"@type\":\"BreadcrumbList\",\"@id\":\"https:\\\/\\\/www.gazetaitauna.com.br\\\/site\\\/video-crianca-de-3-anos-chora-para-nao-ir-para-a-casa-do-pai-horas-depois-estava-morto-laudo-aponta-tortura\\\/#breadcrumb\",\"itemListElement\":[{\"@type\":\"ListItem\",\"position\":1,\"name\":\"In\u00edcio\",\"item\":\"https:\\\/\\\/www.gazetaitauna.com.br\\\/site\\\/\"},{\"@type\":\"ListItem\",\"position\":2,\"name\":\"V\u00eddeo: crian\u00e7a de 3 anos chora para n\u00e3o ir para a casa do pai; horas depois estava morto. Laudo aponta tortura\"}]},{\"@type\":\"WebSite\",\"@id\":\"https:\\\/\\\/www.gazetaitauna.com.br\\\/site\\\/#website\",\"url\":\"https:\\\/\\\/www.gazetaitauna.com.br\\\/site\\\/\",\"name\":\"Gazeta de Ita\u00fana\",\"description\":\"Jornal Ita\u00fana MG\",\"publisher\":{\"@id\":\"https:\\\/\\\/www.gazetaitauna.com.br\\\/site\\\/#organization\"},\"potentialAction\":[{\"@type\":\"SearchAction\",\"target\":{\"@type\":\"EntryPoint\",\"urlTemplate\":\"https:\\\/\\\/www.gazetaitauna.com.br\\\/site\\\/?s={search_term_string}\"},\"query-input\":{\"@type\":\"PropertyValueSpecification\",\"valueRequired\":true,\"valueName\":\"search_term_string\"}}],\"inLanguage\":\"pt-BR\"},{\"@type\":\"Organization\",\"@id\":\"https:\\\/\\\/www.gazetaitauna.com.br\\\/site\\\/#organization\",\"name\":\"Gazeta de Ita\u00fana\",\"url\":\"https:\\\/\\\/www.gazetaitauna.com.br\\\/site\\\/\",\"logo\":{\"@type\":\"ImageObject\",\"inLanguage\":\"pt-BR\",\"@id\":\"https:\\\/\\\/www.gazetaitauna.com.br\\\/site\\\/#\\\/schema\\\/logo\\\/image\\\/\",\"url\":\"https:\\\/\\\/www.gazetaitauna.com.br\\\/site\\\/wp-content\\\/uploads\\\/2020\\\/07\\\/gazeta-icone.png\",\"contentUrl\":\"https:\\\/\\\/www.gazetaitauna.com.br\\\/site\\\/wp-content\\\/uploads\\\/2020\\\/07\\\/gazeta-icone.png\",\"width\":592,\"height\":420,\"caption\":\"Gazeta de Ita\u00fana\"},\"image\":{\"@id\":\"https:\\\/\\\/www.gazetaitauna.com.br\\\/site\\\/#\\\/schema\\\/logo\\\/image\\\/\"},\"sameAs\":[\"https:\\\/\\\/www.facebook.com\\\/gazetadeitauna\",\"https:\\\/\\\/www.instagram.com\\\/gazetadeitauna\"]},{\"@type\":\"Person\",\"@id\":\"https:\\\/\\\/www.gazetaitauna.com.br\\\/site\\\/#\\\/schema\\\/person\\\/83fac651809e5dec9550ff5ced432d71\",\"name\":\"Reda\u00e7\u00e3o\",\"image\":{\"@type\":\"ImageObject\",\"inLanguage\":\"pt-BR\",\"@id\":\"https:\\\/\\\/www.gazetaitauna.com.br\\\/site\\\/wp-content\\\/uploads\\\/2020\\\/07\\\/reda\u00e7\u00e3o-1-150x150.png\",\"url\":\"https:\\\/\\\/www.gazetaitauna.com.br\\\/site\\\/wp-content\\\/uploads\\\/2020\\\/07\\\/reda\u00e7\u00e3o-1-150x150.png\",\"contentUrl\":\"https:\\\/\\\/www.gazetaitauna.com.br\\\/site\\\/wp-content\\\/uploads\\\/2020\\\/07\\\/reda\u00e7\u00e3o-1-150x150.png\",\"caption\":\"Reda\u00e7\u00e3o\"},\"url\":\"https:\\\/\\\/www.gazetaitauna.com.br\\\/site\\\/author\\\/redacao\\\/\"}]}<\/script>\n<!-- \/ Yoast SEO plugin. -->","yoast_head_json":{"title":"V\u00eddeo: crian\u00e7a de 3 anos chora para n\u00e3o ir para a casa do pai; horas depois estava morto. Laudo aponta tortura - Gazeta Ita\u00fana","robots":{"index":"index","follow":"follow","max-snippet":"max-snippet:-1","max-image-preview":"max-image-preview:large","max-video-preview":"max-video-preview:-1"},"canonical":"https:\/\/www.gazetaitauna.com.br\/site\/video-crianca-de-3-anos-chora-para-nao-ir-para-a-casa-do-pai-horas-depois-estava-morto-laudo-aponta-tortura\/","og_locale":"pt_BR","og_type":"article","og_title":"V\u00eddeo: crian\u00e7a de 3 anos chora para n\u00e3o ir para a casa do pai; horas depois estava morto. Laudo aponta tortura - Gazeta Ita\u00fana","og_description":"Foto e v\u00eddeo: redes sociais A m\u00e3e de um menino, Gustavo, de tr\u00eas anos gravou","og_url":"https:\/\/www.gazetaitauna.com.br\/site\/video-crianca-de-3-anos-chora-para-nao-ir-para-a-casa-do-pai-horas-depois-estava-morto-laudo-aponta-tortura\/","og_site_name":"Gazeta Ita\u00fana","article_publisher":"https:\/\/www.facebook.com\/gazetadeitauna","article_published_time":"2026-08-06T19:06:05+00:00","article_modified_time":"2026-08-06T19:06:07+00:00","og_image":[{"width":690,"height":460,"url":"https:\/\/www.gazetaitauna.com.br\/site\/wp-content\/uploads\/2026\/08\/image-8-e1786043086314.png","type":"image\/png"}],"author":"Reda\u00e7\u00e3o","twitter_card":"summary_large_image","twitter_misc":{"Escrito por":"Reda\u00e7\u00e3o","Est. tempo de leitura":"2 minutos"},"schema":{"@context":"https:\/\/schema.org","@graph":[{"@type":"Article","@id":"https:\/\/www.gazetaitauna.com.br\/site\/video-crianca-de-3-anos-chora-para-nao-ir-para-a-casa-do-pai-horas-depois-estava-morto-laudo-aponta-tortura\/#article","isPartOf":{"@id":"https:\/\/www.gazetaitauna.com.br\/site\/video-crianca-de-3-anos-chora-para-nao-ir-para-a-casa-do-pai-horas-depois-estava-morto-laudo-aponta-tortura\/"},"author":{"name":"Reda\u00e7\u00e3o","@id":"https:\/\/www.gazetaitauna.com.br\/site\/#\/schema\/person\/83fac651809e5dec9550ff5ced432d71"},"headline":"V\u00eddeo: crian\u00e7a de 3 anos chora para n\u00e3o ir para a casa do pai; horas depois estava morto. Laudo aponta tortura","datePublished":"2026-08-06T19:06:05+00:00","dateModified":"2026-08-06T19:06:07+00:00","mainEntityOfPage":{"@id":"https:\/\/www.gazetaitauna.com.br\/site\/video-crianca-de-3-anos-chora-para-nao-ir-para-a-casa-do-pai-horas-depois-estava-morto-laudo-aponta-tortura\/"},"wordCount":331,"commentCount":0,"publisher":{"@id":"https:\/\/www.gazetaitauna.com.br\/site\/#organization"},"image":{"@id":"https:\/\/www.gazetaitauna.com.br\/site\/video-crianca-de-3-anos-chora-para-nao-ir-para-a-casa-do-pai-horas-depois-estava-morto-laudo-aponta-tortura\/#primaryimage"},"thumbnailUrl":"https:\/\/www.gazetaitauna.com.br\/site\/wp-content\/uploads\/2026\/08\/image-8-e1786043086314.png","keywords":["Gazeta Ita\u00fana","Ita\u00fana\/MG"],"articleSection":["Brasil"],"inLanguage":"pt-BR","potentialAction":[{"@type":"CommentAction","name":"Comment","target":["https:\/\/www.gazetaitauna.com.br\/site\/video-crianca-de-3-anos-chora-para-nao-ir-para-a-casa-do-pai-horas-depois-estava-morto-laudo-aponta-tortura\/#respond"]}]},{"@type":"WebPage","@id":"https:\/\/www.gazetaitauna.com.br\/site\/video-crianca-de-3-anos-chora-para-nao-ir-para-a-casa-do-pai-horas-depois-estava-morto-laudo-aponta-tortura\/","url":"https:\/\/www.gazetaitauna.com.br\/site\/video-crianca-de-3-anos-chora-para-nao-ir-para-a-casa-do-pai-horas-depois-estava-morto-laudo-aponta-tortura\/","name":"V\u00eddeo: crian\u00e7a de 3 anos chora para n\u00e3o ir para a casa do pai; horas depois estava morto. Laudo aponta tortura - Gazeta Ita\u00fana","isPartOf":{"@id":"https:\/\/www.gazetaitauna.com.br\/site\/#website"},"primaryImageOfPage":{"@id":"https:\/\/www.gazetaitauna.com.br\/site\/video-crianca-de-3-anos-chora-para-nao-ir-para-a-casa-do-pai-horas-depois-estava-morto-laudo-aponta-tortura\/#primaryimage"},"image":{"@id":"https:\/\/www.gazetaitauna.com.br\/site\/video-crianca-de-3-anos-chora-para-nao-ir-para-a-casa-do-pai-horas-depois-estava-morto-laudo-aponta-tortura\/#primaryimage"},"thumbnailUrl":"https:\/\/www.gazetaitauna.com.br\/site\/wp-content\/uploads\/2026\/08\/image-8-e1786043086314.png","datePublished":"2026-08-06T19:06:05+00:00","dateModified":"2026-08-06T19:06:07+00:00","breadcrumb":{"@id":"https:\/\/www.gazetaitauna.com.br\/site\/video-crianca-de-3-anos-chora-para-nao-ir-para-a-casa-do-pai-horas-depois-estava-morto-laudo-aponta-tortura\/#breadcrumb"},"inLanguage":"pt-BR","potentialAction":[{"@type":"ReadAction","target":["https:\/\/www.gazetaitauna.com.br\/site\/video-crianca-de-3-anos-chora-para-nao-ir-para-a-casa-do-pai-horas-depois-estava-morto-laudo-aponta-tortura\/"]}]},{"@type":"ImageObject","inLanguage":"pt-BR","@id":"https:\/\/www.gazetaitauna.com.br\/site\/video-crianca-de-3-anos-chora-para-nao-ir-para-a-casa-do-pai-horas-depois-estava-morto-laudo-aponta-tortura\/#primaryimage","url":"https:\/\/www.gazetaitauna.com.br\/site\/wp-content\/uploads\/2026\/08\/image-8-e1786043086314.png","contentUrl":"https:\/\/www.gazetaitauna.com.br\/site\/wp-content\/uploads\/2026\/08\/image-8-e1786043086314.png","width":690,"height":460},{"@type":"BreadcrumbList","@id":"https:\/\/www.gazetaitauna.com.br\/site\/video-crianca-de-3-anos-chora-para-nao-ir-para-a-casa-do-pai-horas-depois-estava-morto-laudo-aponta-tortura\/#breadcrumb","itemListElement":[{"@type":"ListItem","position":1,"name":"In\u00edcio","item":"https:\/\/www.gazetaitauna.com.br\/site\/"},{"@type":"ListItem","position":2,"name":"V\u00eddeo: crian\u00e7a de 3 anos chora para n\u00e3o ir para a casa do pai; horas depois estava morto. Laudo aponta tortura"}]},{"@type":"WebSite","@id":"https:\/\/www.gazetaitauna.com.br\/site\/#website","url":"https:\/\/www.gazetaitauna.com.br\/site\/","name":"Gazeta de Ita\u00fana","description":"Jornal Ita\u00fana MG","publisher":{"@id":"https:\/\/www.gazetaitauna.com.br\/site\/#organization"},"potentialAction":[{"@type":"SearchAction","target":{"@type":"EntryPoint","urlTemplate":"https:\/\/www.gazetaitauna.com.br\/site\/?s={search_term_string}"},"query-input":{"@type":"PropertyValueSpecification","valueRequired":true,"valueName":"search_term_string"}}],"inLanguage":"pt-BR"},{"@type":"Organization","@id":"https:\/\/www.gazetaitauna.com.br\/site\/#organization","name":"Gazeta de Ita\u00fana","url":"https:\/\/www.gazetaitauna.com.br\/site\/","logo":{"@type":"ImageObject","inLanguage":"pt-BR","@id":"https:\/\/www.gazetaitauna.com.br\/site\/#\/schema\/logo\/image\/","url":"https:\/\/www.gazetaitauna.com.br\/site\/wp-content\/uploads\/2020\/07\/gazeta-icone.png","contentUrl":"https:\/\/www.gazetaitauna.com.br\/site\/wp-content\/uploads\/2020\/07\/gazeta-icone.png","width":592,"height":420,"caption":"Gazeta de Ita\u00fana"},"image":{"@id":"https:\/\/www.gazetaitauna.com.br\/site\/#\/schema\/logo\/image\/"},"sameAs":["https:\/\/www.facebook.com\/gazetadeitauna","https:\/\/www.instagram.com\/gazetadeitauna"]},{"@type":"Person","@id":"https:\/\/www.gazetaitauna.com.br\/site\/#\/schema\/person\/83fac651809e5dec9550ff5ced432d71","name":"Reda\u00e7\u00e3o","image":{"@type":"ImageObject","inLanguage":"pt-BR","@id":"https:\/\/www.gazetaitauna.com.br\/site\/wp-content\/uploads\/2020\/07\/reda\u00e7\u00e3o-1-150x150.png","url":"https:\/\/www.gazetaitauna.com.br\/site\/wp-content\/uploads\/2020\/07\/reda\u00e7\u00e3o-1-150x150.png","contentUrl":"https:\/\/www.gazetaitauna.com.br\/site\/wp-content\/uploads\/2020\/07\/reda\u00e7\u00e3o-1-150x150.png","caption":"Reda\u00e7\u00e3o"},"url":"https:\/\/www.gazetaitauna.com.br\/site\/author\/redacao\/"}]}},"jetpack_featured_media_url":"https:\/\/www.gazetaitauna.com.br\/site\/wp-content\/uploads\/2026\/08\/image-8-e1786043086314.png","jetpack_sharing_enabled":true,"_links":{"self":[{"href":"https:\/\/www.gazetaitauna.com.br\/site\/wp-json\/wp\/v2\/posts\/38196","targetHints":{"allow":["GET"]}}],"collection":[{"href":"https:\/\/www.gazetaitauna.com.br\/site\/wp-json\/wp\/v2\/posts"}],"about":[{"href":"https:\/\/www.gazetaitauna.com.br\/site\/wp-json\/wp\/v2\/types\/post"}],"author":[{"embeddable":true,"href":"https:\/\/www.gazetaitauna.com.br\/site\/wp-json\/wp\/v2\/users\/2"}],"replies":[{"embeddable":true,"href":"https:\/\/www.gazetaitauna.com.br\/site\/wp-json\/wp\/v2\/comments?post=38196"}],"version-history":[{"count":1,"href":"https:\/\/www.gazetaitauna.com.br\/site\/wp-json\/wp\/v2\/posts\/38196\/revisions"}],"predecessor-version":[{"id":38201,"href":"https:\/\/www.gazetaitauna.com.br\/site\/wp-json\/wp\/v2\/posts\/38196\/revisions\/38201"}],"wp:featuredmedia":[{"embeddable":true,"href":"https:\/\/www.gazetaitauna.com.br\/site\/wp-json\/wp\/v2\/media\/38200"}],"wp:attachment":[{"href":"https:\/\/www.gazetaitauna.com.br\/site\/wp-json\/wp\/v2\/media?parent=38196"}],"wp:term":[{"taxonomy":"category","embeddable":true,"href":"https:\/\/www.gazetaitauna.com.br\/site\/wp-json\/wp\/v2\/categories?post=38196"},{"taxonomy":"post_tag","embeddable":true,"href":"https:\/\/www.gazetaitauna.com.br\/site\/wp-json\/wp\/v2\/tags?post=38196"}],"curies":[{"name":"wp","href":"https:\/\/api.w.org\/{rel}","templated":true}]}}